{"id":22849,"date":"2009-05-29T11:16:24","date_gmt":"2009-05-29T11:16:24","guid":{"rendered":"https:\/\/obscom.intervozes.org.br\/wordpress\/?p=22849"},"modified":"2009-05-29T11:16:24","modified_gmt":"2009-05-29T11:16:24","slug":"anatel-estende-prorrogacao-as-consultas-tambem-aos-contratos-de-concessao-e-ao-pgmq","status":"publish","type":"post","link":"https:\/\/obscom.intervozes.org.br\/?p=22849","title":{"rendered":"Anatel estende prorroga\u00e7\u00e3o \u00e0s consultas tamb\u00e9m aos contratos de concess\u00e3o e ao PGMQ"},"content":{"rendered":"<p><span class=\"padrao\"><u><strong>Reproduzido do Tele.S&iacute;ntese<\/strong><\/u><\/p>\n<p>Al&eacute;m do PGMU (Plano Geral de Metas de Universaliza&ccedil;&atilde;o), cujo adiamento da consulta p&uacute;blica por 21 dias j&aacute; havia sido anunciado nessa quinta-feira (28), o Conselho Diretor da Anatel anunciou oficialmente a prorroga&ccedil;&atilde;o da proposta de revis&atilde;o do Contrato de Concess&atilde;o para Presta&ccedil;&atilde;o do STFC, tamb&eacute;m com validade entre 2011 e 2015; e sobre a proposta de altera&ccedil;&atilde;o do PGMQ (Plano Geral de Metas de Qualidade) do STFC. Com o adiamento, as contribui&ccedil;&otilde;es a essas consultas poder&atilde;o ser postadas no site da ag&ecirc;ncia at&eacute; o dia 22 de junho.<\/p>\n<p>A prorroga&ccedil;&atilde;o atende, em parte, as solicita&ccedil;&otilde;es dos &oacute;rg&atilde;os de defesa do consumidor e do Conselho Consultivo da Anatel, que haviam solicitado a amplia&ccedil;&atilde;o do prazo das consultas p&uacute;blicas em 30 dias e 60 dias, respectivamente, em raz&atilde;o da complexidade das mat&eacute;rias. A ag&ecirc;ncia justificou o adiamento pela &ldquo;grande relev&acirc;ncia dos temas para o p&uacute;blico em geral, considerando que est&atilde;o intimamente vinculados ao interesse p&uacute;blico, os ganhos socioecon&ocirc;micos que advir&atilde;o para a sociedade&rdquo;.<\/p>\n<p>A decis&atilde;o sobre a amplia&ccedil;&atilde;o das consultas p&uacute;blicas dos Contratos de Concess&atilde;o do STFC, do PGMU e PGMQ foi publicada na edi&ccedil;&atilde;o de hoje do Di&aacute;rio Oficial da Uni&atilde;o. O prazo anterior de conclus&atilde;o das consultas estava previsto para a pr&oacute;xima segunda-feira.<\/span><\/p>\n","protected":false},"excerpt":{"rendered":"<p>Reproduzido do Tele.S&iacute;ntese Al&eacute;m do PGMU (Plano Geral de Metas de Universaliza&ccedil;&atilde;o), cujo adiamento da consulta p&uacute;blica por 21 dias j&aacute; havia sido anunciado nessa quinta-feira (28), o Conselho Diretor da Anatel anunciou oficialmente a prorroga&ccedil;&atilde;o da proposta de revis&atilde;o do Contrato de Concess&atilde;o para Presta&ccedil;&atilde;o do STFC, tamb&eacute;m com validade entre 2011 e 2015; &hellip; <a href=\"https:\/\/obscom.intervozes.org.br\/?p=22849\" class=\"more-link\">Continue lendo <span class=\"screen-reader-text\">Anatel estende prorroga\u00e7\u00e3o \u00e0s consultas tamb\u00e9m aos contratos de concess\u00e3o e ao PGMQ<\/span> <span class=\"meta-nav\">&rarr;<\/span><\/a><\/p>\n","protected":false},"author":1,"featured_media":0,"comment_status":"open","ping_status":"open","sticky":false,"template":"","format":"standard","meta":{"footnotes":""},"categories":[39],"tags":[],"_links":{"self":[{"href":"https:\/\/obscom.intervozes.org.br\/index.php?rest_route=\/wp\/v2\/posts\/22849"}],"collection":[{"href":"https:\/\/obscom.intervozes.org.br\/index.php?rest_route=\/wp\/v2\/posts"}],"about":[{"href":"https:\/\/obscom.intervozes.org.br\/index.php?rest_route=\/wp\/v2\/types\/post"}],"author":[{"embeddable":true,"href":"https:\/\/obscom.intervozes.org.br\/index.php?rest_route=\/wp\/v2\/users\/1"}],"replies":[{"embeddable":true,"href":"https:\/\/obscom.intervozes.org.br\/index.php?rest_route=%2Fwp%2Fv2%2Fcomments&post=22849"}],"version-history":[{"count":0,"href":"https:\/\/obscom.intervozes.org.br\/index.php?rest_route=\/wp\/v2\/posts\/22849\/revisions"}],"wp:attachment":[{"href":"https:\/\/obscom.intervozes.org.br\/index.php?rest_route=%2Fwp%2Fv2%2Fmedia&parent=22849"}],"wp:term":[{"taxonomy":"category","embeddable":true,"href":"https:\/\/obscom.intervozes.org.br\/index.php?rest_route=%2Fwp%2Fv2%2Fcategories&post=22849"},{"taxonomy":"post_tag","embeddable":true,"href":"https:\/\/obscom.intervozes.org.br\/index.php?rest_route=%2Fwp%2Fv2%2Ftags&post=22849"}],"curies":[{"name":"wp","href":"https:\/\/api.w.org\/{rel}","templated":true}]}}