{"id":22842,"date":"2009-05-28T12:19:07","date_gmt":"2009-05-28T12:19:07","guid":{"rendered":"https:\/\/obscom.intervozes.org.br\/wordpress\/?p=22842"},"modified":"2009-05-28T12:19:07","modified_gmt":"2009-05-28T12:19:07","slug":"reativacao-da-telebras-sera-tema-de-audiencia-na-camara","status":"publish","type":"post","link":"https:\/\/obscom.intervozes.org.br\/?p=22842","title":{"rendered":"Reativa\u00e7\u00e3o da Telebr\u00e1s ser\u00e1 tema de audi\u00eancia na C\u00e2mara"},"content":{"rendered":"<p><u><strong>Reproduzido do Teletime<\/strong><strong> News<\/strong><\/u> <\/p>\n<p>O projeto do governo de reativar a Telebr&aacute;s, usando a rede ociosa da Eletronet, ser&aacute; objeto de debate na Comiss&atilde;o de Ci&ecirc;ncia e Tecnologia, Comunica&ccedil;&atilde;o e Inform&aacute;tica (CCTCI) da C&acirc;mara dos Deputados. A comiss&atilde;o aprovou nesta quarta-feira, 27, requerimento do deputado Paulo Bornhausen (DEM\/SC), convidando representantes da Telebr&aacute;s, Anatel, Abrafix, Telcomp, Oi, Telef&ocirc;nica, Embratel, Minicom e Minist&eacute;rio do Planejamento para esclarecer quais as supostas vantagens de o governo voltar a prestar servi&ccedil;os de telecomunica&ccedil;&otilde;es e os eventuais impactos dessa iniciativa no setor. A data do encontro ainda n&atilde;o foi agendada. <\/p>\n<p>Em seu requerimento, Bornhausen lista cinco quest&otilde;es que nortear&atilde;o a discuss&atilde;o. Basicamente, o parlamentar quer esclarecer se o governo legalmente pode voltar a ser &quot;empres&aacute;rio do setor de telecomunica&ccedil;&otilde;es&quot;; se essa oferta direta traz economia para a Uni&atilde;o e atende aos interesses coletivos; e se h&aacute; impactos na gera&ccedil;&atilde;o ou manuten&ccedil;&atilde;o de empregos p&uacute;blicos e privados caso o projeto siga adiante. Bornhausen tamb&eacute;m questiona se existem aspectos estrat&eacute;gicos e de seguran&ccedil;a que tornem imprescind&iacute;vel o governo controlar sua pr&oacute;pria comunica&ccedil;&atilde;o. &quot;Quais s&atilde;o eles? Estes aspectos surgiram apenas agora?&quot;, questiona o deputado. A discuss&atilde;o pretende esclarecer ainda qual modelo &eacute; economicamente mais atraente para o governo, se a contrata&ccedil;&atilde;o dos servi&ccedil;os de terceiros, como &eacute; hoje, ou a presta&ccedil;&atilde;o por conta pr&oacute;pria via Telebr&aacute;s. <\/p>\n<p><strong>Elogios &agrave; privatiza&ccedil;&atilde;o <\/strong><\/p>\n<p>Na justificativa para pedir a audi&ecirc;ncia p&uacute;blica, Bornhausen ressalta os avan&ccedil;os obtidos com a privatiza&ccedil;&atilde;o da telefonia e confronta este cen&aacute;rio com as informa&ccedil;&otilde;es de que o governo estaria empenhado em reativar a Telebr&aacute;s. Uma das preocupa&ccedil;&otilde;es manifestadas pelo deputado &eacute; que a iniciativa do governo afete o princ&iacute;pio da livre iniciativa no setor. &quot;Apesar de todo esse avan&ccedil;o (provocado pela privatiza&ccedil;&atilde;o) e de suas vantagens para os usu&aacute;rios, e &agrave; vista dos casos Eletronet e, principalmente, Telebr&aacute;s, persiste no atual governo uma manifestada inten&ccedil;&atilde;o de, sen&atilde;o reestatizar o setor, interferir no equil&iacute;brio da competitividade naturalmente desenvolvida na iniciativa privada, cujo suped&acirc;neo se encontra claramente na Constitui&ccedil;&atilde;o Federal e na Lei Geral de Telecomunica&ccedil;&otilde;es.&quot;<\/p>\n","protected":false},"excerpt":{"rendered":"<p>Reproduzido do Teletime News O projeto do governo de reativar a Telebr&aacute;s, usando a rede ociosa da Eletronet, ser&aacute; objeto de debate na Comiss&atilde;o de Ci&ecirc;ncia e Tecnologia, Comunica&ccedil;&atilde;o e Inform&aacute;tica (CCTCI) da C&acirc;mara dos Deputados. A comiss&atilde;o aprovou nesta quarta-feira, 27, requerimento do deputado Paulo Bornhausen (DEM\/SC), convidando representantes da Telebr&aacute;s, Anatel, Abrafix, Telcomp, &hellip; <a href=\"https:\/\/obscom.intervozes.org.br\/?p=22842\" class=\"more-link\">Continue lendo <span class=\"screen-reader-text\">Reativa\u00e7\u00e3o da Telebr\u00e1s ser\u00e1 tema de audi\u00eancia na C\u00e2mara<\/span> <span class=\"meta-nav\">&rarr;<\/span><\/a><\/p>\n","protected":false},"author":1,"featured_media":0,"comment_status":"open","ping_status":"open","sticky":false,"template":"","format":"standard","meta":{"footnotes":""},"categories":[39],"tags":[],"_links":{"self":[{"href":"https:\/\/obscom.intervozes.org.br\/index.php?rest_route=\/wp\/v2\/posts\/22842"}],"collection":[{"href":"https:\/\/obscom.intervozes.org.br\/index.php?rest_route=\/wp\/v2\/posts"}],"about":[{"href":"https:\/\/obscom.intervozes.org.br\/index.php?rest_route=\/wp\/v2\/types\/post"}],"author":[{"embeddable":true,"href":"https:\/\/obscom.intervozes.org.br\/index.php?rest_route=\/wp\/v2\/users\/1"}],"replies":[{"embeddable":true,"href":"https:\/\/obscom.intervozes.org.br\/index.php?rest_route=%2Fwp%2Fv2%2Fcomments&post=22842"}],"version-history":[{"count":0,"href":"https:\/\/obscom.intervozes.org.br\/index.php?rest_route=\/wp\/v2\/posts\/22842\/revisions"}],"wp:attachment":[{"href":"https:\/\/obscom.intervozes.org.br\/index.php?rest_route=%2Fwp%2Fv2%2Fmedia&parent=22842"}],"wp:term":[{"taxonomy":"category","embeddable":true,"href":"https:\/\/obscom.intervozes.org.br\/index.php?rest_route=%2Fwp%2Fv2%2Fcategories&post=22842"},{"taxonomy":"post_tag","embeddable":true,"href":"https:\/\/obscom.intervozes.org.br\/index.php?rest_route=%2Fwp%2Fv2%2Ftags&post=22842"}],"curies":[{"name":"wp","href":"https:\/\/api.w.org\/{rel}","templated":true}]}}