{"id":22839,"date":"2009-05-27T11:50:16","date_gmt":"2009-05-27T11:50:16","guid":{"rendered":"https:\/\/obscom.intervozes.org.br\/wordpress\/?p=22839"},"modified":"2009-05-27T11:50:16","modified_gmt":"2009-05-27T11:50:16","slug":"canal-da-educacao-tera-gestao-conjunta-com-universitarias","status":"publish","type":"post","link":"https:\/\/obscom.intervozes.org.br\/?p=22839","title":{"rendered":"Canal da Educa\u00e7\u00e3o ter\u00e1 gest\u00e3o conjunta com universit\u00e1rias"},"content":{"rendered":"<p><span class=\"padrao\">Para montar a programa&ccedil;&atilde;o do Canal da Educa&ccedil;&atilde;o, o Minist&eacute;rio da Educa&ccedil;&atilde;o est&aacute; disposto a trabalhar conjuntamente com as TVs universit&aacute;rias em um &quot;modelo de gest&atilde;o de governan&ccedil;a&quot;, segundo o secret&aacute;rio de Educa&ccedil;&atilde;o &agrave; Dist&acirc;ncia do MEC, Carlos Bielschowsky. O an&uacute;ncio foi feito pelo secret&aacute;rio durante o II F&oacute;rum Nacional de TVs P&uacute;blicas, realizado nessa ter&ccedil;a-feira (26). &quot;Tenho certeza que esse canal vai ser &#39;show de bola&#39;. Vai ter um comit&ecirc; que far&aacute; uma governan&ccedil;a. Existir&aacute; uma comiss&atilde;o de governan&ccedil;a para trabalhar junto com as TVs universit&aacute;rias.&quot; <\/p>\n<p> Mesmo com a promessa do MEC de ter atua&ccedil;&atilde;o direta na constru&ccedil;&atilde;o do Canal da Educa&ccedil;&atilde;o, a Associa&ccedil;&atilde;o Brasileira de Televis&atilde;o Universit&aacute;ria (ABTU) quer mais para o futuro de suas emissoras. Aproveitando o f&oacute;rum, a ABTU lan&ccedil;ou uma campanha para solicitar da Uni&atilde;o um canal digital espec&iacute;fico para as universit&aacute;rias, com 6 MHz e a possibilidade de fazer multiprograma&ccedil;&atilde;o, ou seja, pass&iacute;vel de ser dividido em quatro canais. &quot;A TV universit&aacute;ria &eacute; o segmento de TV que mais cresce no pa&iacute;s com programa&ccedil;&atilde;o voltada para a promo&ccedil;&atilde;o da educa&ccedil;&atilde;o, da cultura, das artes, da ci&ecirc;ncia e tecnologia e da valoriza&ccedil;&atilde;o humana. <\/p>\n<p>Somente as afiliadas da ABTU produzem mais de 240 horas\/semana de programa&ccedil;&atilde;o in&eacute;dita&quot;, declara a associa&ccedil;&atilde;o no manifesto distribu&iacute;do durante o evento para justificar ter um canal espec&iacute;fico. Segundo o presidente da associa&ccedil;&atilde;o, Cl&aacute;udio Magalh&atilde;es, a inten&ccedil;&atilde;o &eacute; conseguir incluir em uma carta de inten&ccedil;&otilde;es, resultante do debate no f&oacute;rum, um pedido para que a Uni&atilde;o providencie a libera&ccedil;&atilde;o do canal. <\/p>\n<p> &quot;N&atilde;o vi ningu&eacute;m aqui contra o canal de 6 MHz para as universit&aacute;rias&quot;, declarou Magalh&atilde;es. &quot;A gente tem uma grande preocupa&ccedil;&atilde;o de que isso n&atilde;o fique s&oacute; na filosofia e que existam a&ccedil;&otilde;es concretas da Uni&atilde;o&quot;, complementou. Ao ser confrontado pelo presidente da ABTU de que o MEC estaria de acordo com a libera&ccedil;&atilde;o do canal exclusivo, Bielschowsky foi diplom&aacute;tico e refor&ccedil;ou a inten&ccedil;&atilde;o de trabalhar conjuntamente com o segmento. &quot;N&atilde;o estou assinando nada neste momento, mas estamos querendo h&aacute; tempos a ABTU para esta troca de id&eacute;ias&quot;, afirmou.<\/span><\/p>\n","protected":false},"excerpt":{"rendered":"<p>Para montar a programa&ccedil;&atilde;o do Canal da Educa&ccedil;&atilde;o, o Minist&eacute;rio da Educa&ccedil;&atilde;o est&aacute; disposto a trabalhar conjuntamente com as TVs universit&aacute;rias em um &quot;modelo de gest&atilde;o de governan&ccedil;a&quot;, segundo o secret&aacute;rio de Educa&ccedil;&atilde;o &agrave; Dist&acirc;ncia do MEC, Carlos Bielschowsky. O an&uacute;ncio foi feito pelo secret&aacute;rio durante o II F&oacute;rum Nacional de TVs P&uacute;blicas, realizado nessa &hellip; <a href=\"https:\/\/obscom.intervozes.org.br\/?p=22839\" class=\"more-link\">Continue lendo <span class=\"screen-reader-text\">Canal da Educa\u00e7\u00e3o ter\u00e1 gest\u00e3o conjunta com universit\u00e1rias<\/span> <span class=\"meta-nav\">&rarr;<\/span><\/a><\/p>\n","protected":false},"author":1,"featured_media":0,"comment_status":"open","ping_status":"open","sticky":false,"template":"","format":"standard","meta":{"footnotes":""},"categories":[40],"tags":[373],"_links":{"self":[{"href":"https:\/\/obscom.intervozes.org.br\/index.php?rest_route=\/wp\/v2\/posts\/22839"}],"collection":[{"href":"https:\/\/obscom.intervozes.org.br\/index.php?rest_route=\/wp\/v2\/posts"}],"about":[{"href":"https:\/\/obscom.intervozes.org.br\/index.php?rest_route=\/wp\/v2\/types\/post"}],"author":[{"embeddable":true,"href":"https:\/\/obscom.intervozes.org.br\/index.php?rest_route=\/wp\/v2\/users\/1"}],"replies":[{"embeddable":true,"href":"https:\/\/obscom.intervozes.org.br\/index.php?rest_route=%2Fwp%2Fv2%2Fcomments&post=22839"}],"version-history":[{"count":0,"href":"https:\/\/obscom.intervozes.org.br\/index.php?rest_route=\/wp\/v2\/posts\/22839\/revisions"}],"wp:attachment":[{"href":"https:\/\/obscom.intervozes.org.br\/index.php?rest_route=%2Fwp%2Fv2%2Fmedia&parent=22839"}],"wp:term":[{"taxonomy":"category","embeddable":true,"href":"https:\/\/obscom.intervozes.org.br\/index.php?rest_route=%2Fwp%2Fv2%2Fcategories&post=22839"},{"taxonomy":"post_tag","embeddable":true,"href":"https:\/\/obscom.intervozes.org.br\/index.php?rest_route=%2Fwp%2Fv2%2Ftags&post=22839"}],"curies":[{"name":"wp","href":"https:\/\/api.w.org\/{rel}","templated":true}]}}