{"id":22838,"date":"2009-05-27T11:00:47","date_gmt":"2009-05-27T11:00:47","guid":{"rendered":"https:\/\/obscom.intervozes.org.br\/wordpress\/?p=22838"},"modified":"2009-05-27T11:00:47","modified_gmt":"2009-05-27T11:00:47","slug":"mp-quer-que-sbt-pague-r-1-mi-de-indenizacao-a-maisa","status":"publish","type":"post","link":"https:\/\/obscom.intervozes.org.br\/?p=22838","title":{"rendered":"MP quer que SBT pague R$ 1 mi de indeniza\u00e7\u00e3o \u00e0 Maisa"},"content":{"rendered":"<p>O Minist&eacute;rio P&uacute;blico do Trabalho de Osasco (MPT)&nbsp;abriu a&ccedil;&atilde;o civil p&uacute;blica contra o SBT para investigar poss&iacute;veis irregularidades na exposi&ccedil;&atilde;o da apresentadora-mirim&nbsp;Maisa na grade da emissora. No processo, o procurador Orlando Schiavon J&uacute;nior pede ao canal de S&iacute;lvio Santos o pagamento de indeniza&ccedil;&atilde;o no valor de R$ 1 milh&atilde;o a Maisa, por les&atilde;o aos direitos coletivos e danos morais. <\/p>\n<p>&quot;Entende o Minist&eacute;rio P&uacute;blico ser bastante razo&aacute;vel a fixa&ccedil;&atilde;o da indeniza&ccedil;&atilde;o pela les&atilde;o a direitos coletivos no valor de R$ 1 milh&atilde;o em virtude do desrespeito a normas que protegem os menores de idade e &agrave; exposi&ccedil;&atilde;o p&uacute;blica da crian&ccedil;a a medo, susto, p&acirc;nico e at&eacute; mesmo de dor f&iacute;sica &#8211; ao bater com a sua pequena cabe&ccedil;a em uma c&acirc;mera &#8211; que em nada contribuem para a sua forma&ccedil;&atilde;o&quot;, diz o pedido de liminar impetrado por Schiavon. <\/p>\n<p>Segundo noticiou o site G1, o Minist&eacute;rio P&uacute;blico do Trabalho tamb&eacute;m solicita&nbsp;&agrave; Justi&ccedil;a que vete a admiss&atilde;o de menores de 16 anos na emissora, salvo na condi&ccedil;&atilde;o de aprendiz. Caso seja descumprida a medida, o MP pleiteia o pagamento de multa di&aacute;ria de R$ 10 mil&nbsp;por cada exposi&ccedil;&atilde;o. <\/p>\n<p>A pol&ecirc;mica do caso Maisa ganhou contornos judiciais ap&oacute;s&nbsp;a procuradora Mariane Josviak ter aberto inqu&eacute;rito contra a emissora&nbsp;na Procuradoria Regional do Trabalho da 9&ordf; Regi&atilde;o. O objetivo &eacute; investigar poss&iacute;veis irregularidades na atividade da jovem profissional na grade de programa&ccedil;&atilde;o do SBT. <\/p>\n<p>O SBT informa que, at&eacute; o momento, n&atilde;o foi notificado sobre a a&ccedil;&atilde;o civil e que n&atilde;o ir&aacute; se pronunciar sobre a medida.<\/p>\n","protected":false},"excerpt":{"rendered":"<p>O Minist&eacute;rio P&uacute;blico do Trabalho de Osasco (MPT)&nbsp;abriu a&ccedil;&atilde;o civil p&uacute;blica contra o SBT para investigar poss&iacute;veis irregularidades na exposi&ccedil;&atilde;o da apresentadora-mirim&nbsp;Maisa na grade da emissora. No processo, o procurador Orlando Schiavon J&uacute;nior pede ao canal de S&iacute;lvio Santos o pagamento de indeniza&ccedil;&atilde;o no valor de R$ 1 milh&atilde;o a Maisa, por les&atilde;o aos direitos &hellip; <a href=\"https:\/\/obscom.intervozes.org.br\/?p=22838\" class=\"more-link\">Continue lendo <span class=\"screen-reader-text\">MP quer que SBT pague R$ 1 mi de indeniza\u00e7\u00e3o \u00e0 Maisa<\/span> <span class=\"meta-nav\">&rarr;<\/span><\/a><\/p>\n","protected":false},"author":1,"featured_media":0,"comment_status":"open","ping_status":"open","sticky":false,"template":"","format":"standard","meta":{"footnotes":""},"categories":[40],"tags":[465],"_links":{"self":[{"href":"https:\/\/obscom.intervozes.org.br\/index.php?rest_route=\/wp\/v2\/posts\/22838"}],"collection":[{"href":"https:\/\/obscom.intervozes.org.br\/index.php?rest_route=\/wp\/v2\/posts"}],"about":[{"href":"https:\/\/obscom.intervozes.org.br\/index.php?rest_route=\/wp\/v2\/types\/post"}],"author":[{"embeddable":true,"href":"https:\/\/obscom.intervozes.org.br\/index.php?rest_route=\/wp\/v2\/users\/1"}],"replies":[{"embeddable":true,"href":"https:\/\/obscom.intervozes.org.br\/index.php?rest_route=%2Fwp%2Fv2%2Fcomments&post=22838"}],"version-history":[{"count":0,"href":"https:\/\/obscom.intervozes.org.br\/index.php?rest_route=\/wp\/v2\/posts\/22838\/revisions"}],"wp:attachment":[{"href":"https:\/\/obscom.intervozes.org.br\/index.php?rest_route=%2Fwp%2Fv2%2Fmedia&parent=22838"}],"wp:term":[{"taxonomy":"category","embeddable":true,"href":"https:\/\/obscom.intervozes.org.br\/index.php?rest_route=%2Fwp%2Fv2%2Fcategories&post=22838"},{"taxonomy":"post_tag","embeddable":true,"href":"https:\/\/obscom.intervozes.org.br\/index.php?rest_route=%2Fwp%2Fv2%2Ftags&post=22838"}],"curies":[{"name":"wp","href":"https:\/\/api.w.org\/{rel}","templated":true}]}}