{"id":22837,"date":"2009-05-27T10:49:52","date_gmt":"2009-05-27T10:49:52","guid":{"rendered":"https:\/\/obscom.intervozes.org.br\/wordpress\/?p=22837"},"modified":"2009-05-27T10:49:52","modified_gmt":"2009-05-27T10:49:52","slug":"tvs-publicas-querem-parcela-maior-do-fistel-para-custeio","status":"publish","type":"post","link":"https:\/\/obscom.intervozes.org.br\/?p=22837","title":{"rendered":"TVs p\u00fablicas querem parcela maior do Fistel para custeio"},"content":{"rendered":"<p>No que depender das TVs p&uacute;blicas, o fundo criado para o custeio do segmento pode engordar com mais destina&ccedil;&atilde;o de recursos do Fistel. Um dos pleitos do setor apresentado nesta ter&ccedil;a-feira, 26, no II F&oacute;rum Nacional das TVs P&uacute;blicas, &eacute; o aumento da transfer&ecirc;ncia de verbas recolhidas via Fistel para a Contribui&ccedil;&atilde;o para o Fomento da Radiodifus&atilde;o P&uacute;blica, criado para cobrir parte dos custos da EBC e das demais emissoras p&uacute;blicas. O repasse est&aacute; hoje fixado em 10% do Fistel, o que gerar&aacute; uma arrecada&ccedil;&atilde;o projetada para 2009 na casa dos R$ 200 milh&otilde;es. Na opini&atilde;o de participantes do evento, esse percentual poderia ser elevado para 15% ou mais. <\/p>\n<p>Al&eacute;m do refor&ccedil;o na contribui&ccedil;&atilde;o, foi defendida a realoca&ccedil;&atilde;o de outra parte do Fistel &#8211; ou de outros fundos do setor de telecomunica&ccedil;&otilde;es, como o Fust ou o Funttel &#8211; com destino espec&iacute;fico &agrave;s emissoras, fora a EBC. Para o senador Flexa Ribeiro (PSDB\/PA), rediscutir o tamanho da arrecada&ccedil;&atilde;o do Fistel &eacute; fundamental, pois permitiria a realoca&ccedil;&atilde;o de verbas para outros ramos sem a necessidade de criar novas taxas para a popula&ccedil;&atilde;o. &quot;Eu defendo que o Fistel seja revisto. Se o fundo arrecada R$ 2 bilh&otilde;es por ano e a Anatel s&oacute; usa R$ 300 milh&otilde;es, esse dinheiro precisa ser redirecionado&quot;, afirmou o senador. <\/p>\n<p>Em proposta de sua autoria sobre o fomento do audiovisual, o PLS 280\/2007, Ribeiro n&atilde;o chegou a incluir a cria&ccedil;&atilde;o de um fundo a partir da realoca&ccedil;&atilde;o de verbas do Fistel, como ocorreu com a medida provis&oacute;ria da EBC e o PL 29\/2007, que trata da TV por assinatura tamb&eacute;m, ainda em tramita&ccedil;&atilde;o. O senador defende-se alegando que o projeto era &quot;provocativo&quot; da discuss&atilde;o e que se estivesse em tramita&ccedil;&atilde;o efetiva, provavelmente a cria&ccedil;&atilde;o de um fundo de fomento j&aacute; teria sido inserida na proposta. <\/p>\n<p>A necessidade de um modelo integrado para permitir o acesso de todas as TVs p&uacute;blicas &agrave;s verbas foi defendida pelo membro do coletivo Intervozes Jonas Valente. &quot;Um dos problemas &eacute; a inexist&ecirc;ncia de um modelo integrado de uso dos recursos, pois h&aacute; uma necessidade de compensa&ccedil;&atilde;o entre as emissoras&quot;, analisou. A cr&iacute;tica de Valente &eacute; que as regras voltadas ao segmento p&uacute;blico da radiodifus&atilde;o limitam drasticamente os meios de obten&ccedil;&atilde;o de recursos, mas n&atilde;o asseguram claramente outros instrumentos capazes de compensar essa diferen&ccedil;a de arrecada&ccedil;&atilde;o frente ao modelo comercial de TV. &quot;As TVs p&uacute;blicas precisam ser inovadoras. Mas para ser inovador &eacute; preciso dinheiro&quot;, declarou, defendendo a busca de um modelo forte de financiamento que sustente a rede p&uacute;blica de TV. <\/p>\n<p>Vale lembrar que as operadoras de telefonia celular, que s&atilde;o hoje as maiores recolhedoras do Fistel (a taxa &eacute; cobrada por cada celular em funcionamento) defendem, de outro lado, a redu&ccedil;&atilde;o de suas contribui&ccedil;&otilde;es ao fundo. Alegam, justamente, que ele arrecada mais do que &eacute; necess&aacute;rio ao custeio da Anatel.<\/p>\n","protected":false},"excerpt":{"rendered":"<p>II F\u00f3rum de TVs P\u00fablicas discute aumento da transfer\u00eancia de verbas recolhidas via Fistel para a Contribui\u00e7\u00e3o para o Fomento da Radiodifus\u00e3o P\u00fablica<\/p>\n","protected":false},"author":1,"featured_media":0,"comment_status":"open","ping_status":"open","sticky":false,"template":"","format":"standard","meta":{"footnotes":""},"categories":[40],"tags":[259],"_links":{"self":[{"href":"https:\/\/obscom.intervozes.org.br\/index.php?rest_route=\/wp\/v2\/posts\/22837"}],"collection":[{"href":"https:\/\/obscom.intervozes.org.br\/index.php?rest_route=\/wp\/v2\/posts"}],"about":[{"href":"https:\/\/obscom.intervozes.org.br\/index.php?rest_route=\/wp\/v2\/types\/post"}],"author":[{"embeddable":true,"href":"https:\/\/obscom.intervozes.org.br\/index.php?rest_route=\/wp\/v2\/users\/1"}],"replies":[{"embeddable":true,"href":"https:\/\/obscom.intervozes.org.br\/index.php?rest_route=%2Fwp%2Fv2%2Fcomments&post=22837"}],"version-history":[{"count":0,"href":"https:\/\/obscom.intervozes.org.br\/index.php?rest_route=\/wp\/v2\/posts\/22837\/revisions"}],"wp:attachment":[{"href":"https:\/\/obscom.intervozes.org.br\/index.php?rest_route=%2Fwp%2Fv2%2Fmedia&parent=22837"}],"wp:term":[{"taxonomy":"category","embeddable":true,"href":"https:\/\/obscom.intervozes.org.br\/index.php?rest_route=%2Fwp%2Fv2%2Fcategories&post=22837"},{"taxonomy":"post_tag","embeddable":true,"href":"https:\/\/obscom.intervozes.org.br\/index.php?rest_route=%2Fwp%2Fv2%2Ftags&post=22837"}],"curies":[{"name":"wp","href":"https:\/\/api.w.org\/{rel}","templated":true}]}}