{"id":22833,"date":"2009-05-26T17:21:31","date_gmt":"2009-05-26T17:21:31","guid":{"rendered":"https:\/\/obscom.intervozes.org.br\/wordpress\/?p=22833"},"modified":"2009-05-26T17:21:31","modified_gmt":"2009-05-26T17:21:31","slug":"deputados-querem-discutir-intervencao-na-telefonica","status":"publish","type":"post","link":"https:\/\/obscom.intervozes.org.br\/?p=22833","title":{"rendered":"Deputados querem discutir interven\u00e7\u00e3o na Telef\u00f4nica"},"content":{"rendered":"\n<p class=\"padrao\">Uma das maiores penalidades por conta da inoper&acirc;ncia de uma concession&aacute;ria de servi&ccedil;os p&uacute;blicos &eacute; a interven&ccedil;&atilde;o do Estado na empresa, assumindo provisoriamente a oferta at&eacute; que se encontre uma nova companhia capaz de dar sequ&ecirc;ncia &agrave; presta&ccedil;&atilde;o. Coisa do g&ecirc;nero jamais foi feita na telefonia desde a privatiza&ccedil;&atilde;o, mas no que depender dos deputados da Comiss&atilde;o de Defesa do Consumidor (CDC), a Telef&ocirc;nica mereceria tal medida. <\/p>\n<p>Na semana passada, a comiss&atilde;o aprovou um requerimento assinado pelo deputado Carlos Sampaio (PSDB-SP) para que seja feita uma audi&ecirc;ncia p&uacute;blica com a inten&ccedil;&atilde;o de debater a possibilidade de interven&ccedil;&atilde;o na Telef&ocirc;nica. <\/p>\n<p>O encontro ainda n&atilde;o tem data para acontecer. O deputado quer que sejam chamados o presidente da Anatel, embaixador Ronaldo Sardenberg; o diretor-executivo do Procon\/SP, Roberto Pffeifer,; o ouvidor da ag&ecirc;ncia reguladora, Nilberto Miranda; e um representante da Telef&ocirc;nica. Segundo Sampaio, a iniciativa n&atilde;o dever&aacute; ficar restrita &agrave; CDC. <\/p>\n<p>O parlamentar disse que o deputado J&uacute;lio Semeghini (PSDB\/SP) dever&aacute; entrar com requerimento semelhante na Comiss&atilde;o de Ci&ecirc;ncia e Tecnologia, Comunica&ccedil;&atilde;o e Inform&aacute;tica (CCTCI). Por enquanto, nenhum pedido com essa natureza foi formalizado na CCTCI. <\/p>\n<p class=\"padrao\">Carlos Sampaio culpou a Anatel pelos problemas no servi&ccedil;o da concession&aacute;ria que opera em S&atilde;o Paulo, pois, na opini&atilde;o do deputado, a ag&ecirc;ncia n&atilde;o toma medidas administrativas para sanar as sucessivas falhas na opera&ccedil;&atilde;o da empresa. &quot;J&aacute; ouvi argumentos do tipo: a Telef&ocirc;nica tem 20 milh&otilde;es de clientes e apenas 25 mil reclama&ccedil;&otilde;es no Procon. <\/p>\n<p>Todas as operadoras somadas no estado de S&atilde;o Paulo tem menos a&ccedil;&otilde;es judiciais que a Telef&ocirc;nica sozinha; todos os bancos somados do estado de S&atilde;o Paulo tem menos que a metade do que a Telef&ocirc;nica; somados os bancos e as operadoras, h&aacute; menos a&ccedil;&otilde;es judiciais do que a Telef&ocirc;nica. &Eacute; a indiferen&ccedil;a por completo &agrave; popula&ccedil;&atilde;o de S&atilde;o Paulo&quot;, declarou. <\/p>\n<p class=\"padrao\">A iniciativa de Sampaio contou com apoio de diversos deputados na CDC, que tamb&eacute;m criticaram a qualidade do servi&ccedil;o da concession&aacute;ria e a atua&ccedil;&atilde;o da Anatel na fiscaliza&ccedil;&atilde;o do setor. &quot;Essa Anatel n&atilde;o fiscaliza nada e serve aos grandes monop&oacute;lios que est&atilde;o a&iacute;. &Eacute; papel da Comiss&atilde;o de Defesa do Consumidor expor isso&quot;, protestou Ivan Valente (PSOL\/SP). Para o deputado Vin&iacute;cius de Carvalho (PTdoB) h&aacute; &quot;coniv&ecirc;ncia&quot; da ag&ecirc;ncia reguladora com as empresas. <\/p>\n<p class=\"padrao\"><strong>Auditoria nas ag&ecirc;ncias <\/strong><\/p>\n<p class=\"padrao\">Outro requerimento aprovado na semana passada promete ampliar o controle externo sobre as ag&ecirc;ncias reguladoras. A proposta do deputado S&iacute;lvio Torres (PSDB\/SP), validada pelos demais parlamentares da Comiss&atilde;o de Fiscaliza&ccedil;&atilde;o Financeira e Controle (CFF), solicita que o Tribunal de Contas da Uni&atilde;o (TCU) fa&ccedil;a auditorias nas ag&ecirc;ncias, analisando detalhadamente o desempenho das autarquias de regula&ccedil;&atilde;o da infraestrutura do pa&iacute;s em diversos itens relacionados &agrave; governan&ccedil;a. <\/p>\n<p> <span class=\"padrao\">Os t&oacute;picos que o TCU dever&aacute; avaliar, al&eacute;m da an&aacute;lise tradicional realizada pelo &oacute;rg&atilde;o de fiscaliza&ccedil;&atilde;o do Legislativo, s&atilde;o: independ&ecirc;ncia; presta&ccedil;&atilde;o de contas e transpar&ecirc;ncia; capacidade regulat&oacute;ria; coer&ecirc;ncia; e gest&atilde;o de risco. A ideia do deputado &eacute; passar um &quot;pente-fino&quot; nas ag&ecirc;ncias, analisando inclusive a efetividade das medidas regulat&oacute;rias, o uso de mecanismos de participa&ccedil;&atilde;o da sociedade (como as consultas e audi&ecirc;ncias) e a autonomia financeira real dessas autarquias.&nbsp; <br \/><\/span><\/p>\n","protected":false},"excerpt":{"rendered":"<p>Uma das maiores penalidades por conta da inoper&acirc;ncia de uma concession&aacute;ria de servi&ccedil;os p&uacute;blicos &eacute; a interven&ccedil;&atilde;o do Estado na empresa, assumindo provisoriamente a oferta at&eacute; que se encontre uma nova companhia capaz de dar sequ&ecirc;ncia &agrave; presta&ccedil;&atilde;o. Coisa do g&ecirc;nero jamais foi feita na telefonia desde a privatiza&ccedil;&atilde;o, mas no que depender dos deputados &hellip; <a href=\"https:\/\/obscom.intervozes.org.br\/?p=22833\" class=\"more-link\">Continue lendo <span class=\"screen-reader-text\">Deputados querem discutir interven\u00e7\u00e3o na Telef\u00f4nica<\/span> <span class=\"meta-nav\">&rarr;<\/span><\/a><\/p>\n","protected":false},"author":1,"featured_media":0,"comment_status":"open","ping_status":"open","sticky":false,"template":"","format":"standard","meta":{"footnotes":""},"categories":[40],"tags":[645],"_links":{"self":[{"href":"https:\/\/obscom.intervozes.org.br\/index.php?rest_route=\/wp\/v2\/posts\/22833"}],"collection":[{"href":"https:\/\/obscom.intervozes.org.br\/index.php?rest_route=\/wp\/v2\/posts"}],"about":[{"href":"https:\/\/obscom.intervozes.org.br\/index.php?rest_route=\/wp\/v2\/types\/post"}],"author":[{"embeddable":true,"href":"https:\/\/obscom.intervozes.org.br\/index.php?rest_route=\/wp\/v2\/users\/1"}],"replies":[{"embeddable":true,"href":"https:\/\/obscom.intervozes.org.br\/index.php?rest_route=%2Fwp%2Fv2%2Fcomments&post=22833"}],"version-history":[{"count":0,"href":"https:\/\/obscom.intervozes.org.br\/index.php?rest_route=\/wp\/v2\/posts\/22833\/revisions"}],"wp:attachment":[{"href":"https:\/\/obscom.intervozes.org.br\/index.php?rest_route=%2Fwp%2Fv2%2Fmedia&parent=22833"}],"wp:term":[{"taxonomy":"category","embeddable":true,"href":"https:\/\/obscom.intervozes.org.br\/index.php?rest_route=%2Fwp%2Fv2%2Fcategories&post=22833"},{"taxonomy":"post_tag","embeddable":true,"href":"https:\/\/obscom.intervozes.org.br\/index.php?rest_route=%2Fwp%2Fv2%2Ftags&post=22833"}],"curies":[{"name":"wp","href":"https:\/\/api.w.org\/{rel}","templated":true}]}}