{"id":22830,"date":"2009-05-26T15:36:02","date_gmt":"2009-05-26T15:36:02","guid":{"rendered":"https:\/\/obscom.intervozes.org.br\/wordpress\/?p=22830"},"modified":"2009-05-26T15:36:02","modified_gmt":"2009-05-26T15:36:02","slug":"tv-cultura-lancara-programacao-adicional-de-perfil-educativo","status":"publish","type":"post","link":"https:\/\/obscom.intervozes.org.br\/?p=22830","title":{"rendered":"TV Cultura lan\u00e7ar\u00e1 programa\u00e7\u00e3o adicional de perfil educativo"},"content":{"rendered":"<p><span class=\"padrao\"><u><strong>Reproduzido do TelaViva News<\/strong><\/u><\/p>\n<p>Ap&oacute;s o imbr&oacute;glio com o Minist&eacute;rio das Comunica&ccedil;&otilde;es sobre o uso do sinal digital de TV para fazer multiprograma&ccedil;&atilde;o, a Funda&ccedil;&atilde;o Padre Anchieta (FPA), mantendora da TV Cultura de S&atilde;o Paulo, se prepara para colocar no ar seu canal educacional, o Univesp TV, agora com o consentimento do minist&eacute;rio. <\/p>\n<p>O canal, que agora contar&aacute; com conte&uacute;do in&eacute;dito e ser&aacute; transmitido no mesmo sinal digital aberto da TV Cultura, ser&aacute; inaugurado no dia 8 de junho. Al&eacute;m deste, a FPA recebeu ainda autoriza&ccedil;&atilde;o para transmitir o canal Multicultura, que contar&aacute; com conte&uacute;dos experimentais.<\/p>\n<p>Uma das experi&ecirc;ncias que a TV Cultura quer fazer no canal &eacute; a transmiss&atilde;o de conte&uacute;do 3D, conforme adiantou TELA VIVA em abril. Segundo Jos&eacute; Chaves, diretor de engenharia da emissora paulista, a TV Cultura e o Laborat&oacute;rio de Sistemas Integrados da USP (LSI\/USP) devem fazer estudos em conjunto. O LSI, explica o engenheiro, j&aacute; vem fazendo pesquisas de produ&ccedil;&atilde;o em 3D usando a tecnologia mais simples de capta&ccedil;&atilde;o e exibi&ccedil;&atilde;o, que &eacute; o uso de filtros\/&oacute;culos azul e vermelho.<\/span><\/p>\n","protected":false},"excerpt":{"rendered":"<p>Reproduzido do TelaViva News Ap&oacute;s o imbr&oacute;glio com o Minist&eacute;rio das Comunica&ccedil;&otilde;es sobre o uso do sinal digital de TV para fazer multiprograma&ccedil;&atilde;o, a Funda&ccedil;&atilde;o Padre Anchieta (FPA), mantendora da TV Cultura de S&atilde;o Paulo, se prepara para colocar no ar seu canal educacional, o Univesp TV, agora com o consentimento do minist&eacute;rio. O canal, &hellip; <a href=\"https:\/\/obscom.intervozes.org.br\/?p=22830\" class=\"more-link\">Continue lendo <span class=\"screen-reader-text\">TV Cultura lan\u00e7ar\u00e1 programa\u00e7\u00e3o adicional de perfil educativo<\/span> <span class=\"meta-nav\">&rarr;<\/span><\/a><\/p>\n","protected":false},"author":1,"featured_media":0,"comment_status":"open","ping_status":"open","sticky":false,"template":"","format":"standard","meta":{"footnotes":""},"categories":[39],"tags":[],"_links":{"self":[{"href":"https:\/\/obscom.intervozes.org.br\/index.php?rest_route=\/wp\/v2\/posts\/22830"}],"collection":[{"href":"https:\/\/obscom.intervozes.org.br\/index.php?rest_route=\/wp\/v2\/posts"}],"about":[{"href":"https:\/\/obscom.intervozes.org.br\/index.php?rest_route=\/wp\/v2\/types\/post"}],"author":[{"embeddable":true,"href":"https:\/\/obscom.intervozes.org.br\/index.php?rest_route=\/wp\/v2\/users\/1"}],"replies":[{"embeddable":true,"href":"https:\/\/obscom.intervozes.org.br\/index.php?rest_route=%2Fwp%2Fv2%2Fcomments&post=22830"}],"version-history":[{"count":0,"href":"https:\/\/obscom.intervozes.org.br\/index.php?rest_route=\/wp\/v2\/posts\/22830\/revisions"}],"wp:attachment":[{"href":"https:\/\/obscom.intervozes.org.br\/index.php?rest_route=%2Fwp%2Fv2%2Fmedia&parent=22830"}],"wp:term":[{"taxonomy":"category","embeddable":true,"href":"https:\/\/obscom.intervozes.org.br\/index.php?rest_route=%2Fwp%2Fv2%2Fcategories&post=22830"},{"taxonomy":"post_tag","embeddable":true,"href":"https:\/\/obscom.intervozes.org.br\/index.php?rest_route=%2Fwp%2Fv2%2Ftags&post=22830"}],"curies":[{"name":"wp","href":"https:\/\/api.w.org\/{rel}","templated":true}]}}