{"id":22821,"date":"2009-05-22T17:16:36","date_gmt":"2009-05-22T17:16:36","guid":{"rendered":"https:\/\/obscom.intervozes.org.br\/wordpress\/?p=22821"},"modified":"2009-05-22T17:16:36","modified_gmt":"2009-05-22T17:16:36","slug":"teles-estudam-questionar-contribuicao-a-radiodifusao-publica","status":"publish","type":"post","link":"https:\/\/obscom.intervozes.org.br\/?p=22821","title":{"rendered":"Teles estudam questionar contribui\u00e7\u00e3o \u00e0 radiodifus\u00e3o p\u00fablica"},"content":{"rendered":"\n<p class=\"padrao\">Algumas empresas est&atilde;o analisando seriamente a possibilidade de recorrerem judicialmente contra&nbsp;o pagamento da&nbsp;Contribui&ccedil;&atilde;o para o Fomento da Radiodifus&atilde;o P&uacute;blica. O prazo para que ela seja quitada se encerra no dia 31 deste m&ecirc;s e&nbsp;h&aacute; quem defenda o dep&oacute;sito em ju&iacute;zo.&nbsp;Ainda n&atilde;o h&aacute; c&aacute;lculos totais sobre os valores a serem arrecadados, mas para algumas empresas que possuem um grande n&uacute;mero de equipamentos instalados para a presta&ccedil;&atilde;o do servi&ccedil;o o custo poder&aacute; ser alto.<\/p>\n<p>A contribui&ccedil;&atilde;o foi criada&nbsp;como parte da&nbsp;Lei Federal editada no ano passado, que foi resultado de uma medida provis&oacute;ria,&nbsp;e visava regulamentar os servi&ccedil;os de radiodifus&atilde;o p&uacute;blica. Como parte desse processo foi criada a EBC (Empresa Brasileira de Comunica&ccedil;&atilde;o), que controla a TV Brasil. A contribui&ccedil;&atilde;o se tornou obrigat&oacute;ria para todas empresas que prestam servi&ccedil;os de radiodifus&atilde;o e de telecomunica&ccedil;&otilde;es.<\/p>\n<p>&quot;Considerando a forma como foi constitu&iacute;da, a contribui&ccedil;&atilde;o n&atilde;o se enquadra em nenhuma figura tribut&aacute;ria da constitui&ccedil;&atilde;o e a figura mais pr&oacute;xima seria a de uma Contribui&ccedil;&atilde;o de Interven&ccedil;&atilde;o no Dom&iacute;nio Econ&ocirc;mico &ndash; CIDE&quot;, comentou o advogado Guilherme Ieno Costa, do escrit&oacute;rio KLA Koury, Lopes e Advogados. Segundo ele, os contornos e os limites constitucionais das CIDEs ainda n&atilde;o foram desenvolvidos pela jurisprud&ecirc;ncia.<\/p>\n<p>Na sua avalia&ccedil;&atilde;o, n&atilde;o fica claro qual o crit&eacute;rio de referibilidade &#8212; que prev&ecirc; que deve haver uma rela&ccedil;&atilde;o econ&ocirc;mica entre os sujeitos passivos da contribui&ccedil;&atilde;o e o grupo afetado pela interven&ccedil;&atilde;o &#8212; previsto nesse caso. Costa acredita que se h&aacute; interesse geral no fomento da radiodifus&atilde;o p&uacute;blica, o fato de ele ser feito por um grupo espec&iacute;fico de empresas fere o princ&iacute;pio da igualdade.<\/p>\n<p>Outro questionamento que as empresas come&ccedil;am a analisar envolve os c&aacute;lculos para que seja estabelecido o valor da cobran&ccedil;a. Foi adotado o crit&eacute;rio quantitativo que leva em conta a modalidade do servi&ccedil;o prestado pela operadora e a quantidade de equipamentos instalados utilizados na presta&ccedil;&atilde;o desses servi&ccedil;os. &quot;Isso para um operadora m&oacute;vel com um grande n&uacute;mero de ERBs instaladas pode representar quantias significativas&quot;, comenta uma fonte.<\/p>\n<p>Para Costa, essa metodologia aproxima a contribui&ccedil;&atilde;o do Fistel, dando-lhe a caracter&iacute;stica de uma taxa. &quot;Como tal, ela somente poderia ser cobrada pelo exerc&iacute;cio de poder de pol&iacute;cia ou pela presta&ccedil;&atilde;o de um servi&ccedil;o espec&iacute;fico e divis&iacute;vel em favor do contribuinte, o que n&atilde;o ocorre&quot;, observou. A MP 460,&nbsp;publicada em mar&ccedil;o deste ano,&nbsp;&nbsp;atribuiu &agrave; Anatel a compet&ecirc;ncia de fiscalizar e arrecadar a contribui&ccedil;&atilde;o.<\/p>\n","protected":false},"excerpt":{"rendered":"<p>Algumas empresas est&atilde;o analisando seriamente a possibilidade de recorrerem judicialmente contra&nbsp;o pagamento da&nbsp;Contribui&ccedil;&atilde;o para o Fomento da Radiodifus&atilde;o P&uacute;blica. O prazo para que ela seja quitada se encerra no dia 31 deste m&ecirc;s e&nbsp;h&aacute; quem defenda o dep&oacute;sito em ju&iacute;zo.&nbsp;Ainda n&atilde;o h&aacute; c&aacute;lculos totais sobre os valores a serem arrecadados, mas para algumas empresas que &hellip; <a href=\"https:\/\/obscom.intervozes.org.br\/?p=22821\" class=\"more-link\">Continue lendo <span class=\"screen-reader-text\">Teles estudam questionar contribui\u00e7\u00e3o \u00e0 radiodifus\u00e3o p\u00fablica<\/span> <span class=\"meta-nav\">&rarr;<\/span><\/a><\/p>\n","protected":false},"author":1,"featured_media":0,"comment_status":"open","ping_status":"open","sticky":false,"template":"","format":"standard","meta":{"footnotes":""},"categories":[40],"tags":[754],"_links":{"self":[{"href":"https:\/\/obscom.intervozes.org.br\/index.php?rest_route=\/wp\/v2\/posts\/22821"}],"collection":[{"href":"https:\/\/obscom.intervozes.org.br\/index.php?rest_route=\/wp\/v2\/posts"}],"about":[{"href":"https:\/\/obscom.intervozes.org.br\/index.php?rest_route=\/wp\/v2\/types\/post"}],"author":[{"embeddable":true,"href":"https:\/\/obscom.intervozes.org.br\/index.php?rest_route=\/wp\/v2\/users\/1"}],"replies":[{"embeddable":true,"href":"https:\/\/obscom.intervozes.org.br\/index.php?rest_route=%2Fwp%2Fv2%2Fcomments&post=22821"}],"version-history":[{"count":0,"href":"https:\/\/obscom.intervozes.org.br\/index.php?rest_route=\/wp\/v2\/posts\/22821\/revisions"}],"wp:attachment":[{"href":"https:\/\/obscom.intervozes.org.br\/index.php?rest_route=%2Fwp%2Fv2%2Fmedia&parent=22821"}],"wp:term":[{"taxonomy":"category","embeddable":true,"href":"https:\/\/obscom.intervozes.org.br\/index.php?rest_route=%2Fwp%2Fv2%2Fcategories&post=22821"},{"taxonomy":"post_tag","embeddable":true,"href":"https:\/\/obscom.intervozes.org.br\/index.php?rest_route=%2Fwp%2Fv2%2Ftags&post=22821"}],"curies":[{"name":"wp","href":"https:\/\/api.w.org\/{rel}","templated":true}]}}