{"id":22820,"date":"2009-05-22T17:14:22","date_gmt":"2009-05-22T17:14:22","guid":{"rendered":"https:\/\/obscom.intervozes.org.br\/wordpress\/?p=22820"},"modified":"2009-05-22T17:14:22","modified_gmt":"2009-05-22T17:14:22","slug":"procurador-vai-apurar-exposicao-de-maisa-no-sbt","status":"publish","type":"post","link":"https:\/\/obscom.intervozes.org.br\/?p=22820","title":{"rendered":"Procurador vai apurar exposi\u00e7\u00e3o de Ma\u00edsa no SBT"},"content":{"rendered":"\n<p class=\"padrao\">O Procurador Regional dos Direitos do Cidad&atilde;o em exerc&iacute;cio, Pedro Antonio de Oliveira Machado, instaurou um inqu&eacute;rito civil p&uacute;blico na &uacute;ltima quarta-feira (20) para verificar se as condi&ccedil;&otilde;es a que foi exposta Maisa Silva, de seis anos, no &quot;Programa Silvio Santos&quot;, n&atilde;o observaram o direito &agrave; liberdade e o respeito &agrave; dignidade do ser humano em desenvolvimento, garantidos pela Constitui&ccedil;&atilde;o e pelo Estatuto da Crian&ccedil;a e do Adolescente.<\/p>\n<p>Nas duas &uacute;ltimas edi&ccedil;&otilde;es da atra&ccedil;&atilde;o, exibidas nos dias 10 e 17 de maio, Maisa passou por situa&ccedil;&otilde;es de &quot;pranto convulsivo e aparente estado de desespero, enquanto o apresentador e animador de audit&oacute;rio Senor Abravanel aparentava extrema tranquilidade e alegria com o desenrolar dos fatos&quot;, afirmou Machado em of&iacute;cio enviado ao SBT. <\/p>\n<p>No dia 10, Maisa foi trancada em uma mala e se assustou. Depois, entrou em aparente desespero com a exibi&ccedil;&atilde;o de um menino mascarado. No &uacute;ltimo domingo, a crian&ccedil;a ficou nervosa ao ser provocada pelo apresentador, desesperou-se e chorou ao bater a cabe&ccedil;a em uma c&acirc;mera, explica a Assessoria de Comunica&ccedil;&atilde;o Procuradoria da Rep&uacute;blica no Estado de S. Paulo.<\/p>\n<p>O inqu&eacute;rito do Minist&eacute;rio P&uacute;blico Federal vai apurar tamb&eacute;m quais as medidas legais cab&iacute;veis que podem ser adotadas em rela&ccedil;&atilde;o ao desrespeito de princ&iacute;pios constitucionais e legais sobre a produ&ccedil;&atilde;o de programas de r&aacute;dio e televis&atilde;o quanto &agrave; explora&ccedil;&atilde;o indevida de imagem e viola&ccedil;&atilde;o de direitos da crian&ccedil;a.<\/p>\n<p>A investiga&ccedil;&atilde;o ter&aacute; ainda a fun&ccedil;&atilde;o de apurar quais as medidas cab&iacute;veis para preservar e proteger a menina Maisa contra atos de explora&ccedil;&atilde;o de sua for&ccedil;a de trabalho e as condi&ccedil;&otilde;es de suas atividades e sa&uacute;de f&iacute;sica e psicol&oacute;gica.<\/p>\n<p>Em of&iacute;cio encaminhado ao SBT, o MPF requisitou, para instru&ccedil;&atilde;o da investiga&ccedil;&atilde;o, c&oacute;pia em DVD ou VCD dos programas Silvio Santos dos dias 10 e 17 de maio. O &oacute;rg&atilde;o pediu tamb&eacute;m a c&oacute;pia do contrato firmado entre a menina Ma&iacute;sa e\/ou seus pais, com a emissora, para participa&ccedil;&atilde;o ou trabalho no programa. Al&eacute;m disso, Machado requereu tamb&eacute;m uma manifesta&ccedil;&atilde;o da emissora sobre os fatos ocorridos no programa em, no m&aacute;ximo, cinco dias.<\/p>\n<p>O procurador determinou que a abertura da investiga&ccedil;&atilde;o pelo MPF seja comunicada &agrave; Promotoria de Justi&ccedil;a de Inf&acirc;ncia e Juventude do Minist&eacute;rio P&uacute;blico do Estado de S&atilde;o Paulo para que os promotores tamb&eacute;m adotem as medidas pertinentes, quanto ao que determina o Estatuto da Crian&ccedil;a e do Adolescente sobre &quot;submeter crian&ccedil;a a vexame ou a constrangimento&quot; e descumprimento dos deveres dos pais na prote&ccedil;&atilde;o da crian&ccedil;a, previstos nos artigos 129, 232 e 249, do Estatuto da Crian&ccedil;a e do Adolescente. <\/p>\n<p><span class=\"padrao\">Procurada pela reportagem do Portal IMPRENSA, a assessoria de imprensa do SBT informa que o canal n&atilde;o ir&aacute; se manifestar sobre o assunto. <\/span><\/p>\n","protected":false},"excerpt":{"rendered":"<p>O Procurador Regional dos Direitos do Cidad&atilde;o em exerc&iacute;cio, Pedro Antonio de Oliveira Machado, instaurou um inqu&eacute;rito civil p&uacute;blico na &uacute;ltima quarta-feira (20) para verificar se as condi&ccedil;&otilde;es a que foi exposta Maisa Silva, de seis anos, no &quot;Programa Silvio Santos&quot;, n&atilde;o observaram o direito &agrave; liberdade e o respeito &agrave; dignidade do ser humano &hellip; <a href=\"https:\/\/obscom.intervozes.org.br\/?p=22820\" class=\"more-link\">Continue lendo <span class=\"screen-reader-text\">Procurador vai apurar exposi\u00e7\u00e3o de Ma\u00edsa no SBT<\/span> <span class=\"meta-nav\">&rarr;<\/span><\/a><\/p>\n","protected":false},"author":1,"featured_media":0,"comment_status":"open","ping_status":"open","sticky":false,"template":"","format":"standard","meta":{"footnotes":""},"categories":[40],"tags":[465],"_links":{"self":[{"href":"https:\/\/obscom.intervozes.org.br\/index.php?rest_route=\/wp\/v2\/posts\/22820"}],"collection":[{"href":"https:\/\/obscom.intervozes.org.br\/index.php?rest_route=\/wp\/v2\/posts"}],"about":[{"href":"https:\/\/obscom.intervozes.org.br\/index.php?rest_route=\/wp\/v2\/types\/post"}],"author":[{"embeddable":true,"href":"https:\/\/obscom.intervozes.org.br\/index.php?rest_route=\/wp\/v2\/users\/1"}],"replies":[{"embeddable":true,"href":"https:\/\/obscom.intervozes.org.br\/index.php?rest_route=%2Fwp%2Fv2%2Fcomments&post=22820"}],"version-history":[{"count":0,"href":"https:\/\/obscom.intervozes.org.br\/index.php?rest_route=\/wp\/v2\/posts\/22820\/revisions"}],"wp:attachment":[{"href":"https:\/\/obscom.intervozes.org.br\/index.php?rest_route=%2Fwp%2Fv2%2Fmedia&parent=22820"}],"wp:term":[{"taxonomy":"category","embeddable":true,"href":"https:\/\/obscom.intervozes.org.br\/index.php?rest_route=%2Fwp%2Fv2%2Fcategories&post=22820"},{"taxonomy":"post_tag","embeddable":true,"href":"https:\/\/obscom.intervozes.org.br\/index.php?rest_route=%2Fwp%2Fv2%2Ftags&post=22820"}],"curies":[{"name":"wp","href":"https:\/\/api.w.org\/{rel}","templated":true}]}}