{"id":22811,"date":"2009-05-21T12:13:56","date_gmt":"2009-05-21T12:13:56","guid":{"rendered":"https:\/\/obscom.intervozes.org.br\/wordpress\/?p=22811"},"modified":"2009-05-21T12:13:56","modified_gmt":"2009-05-21T12:13:56","slug":"minicom-recebe-manifestacoes-sobre-audio-descricao","status":"publish","type":"post","link":"https:\/\/obscom.intervozes.org.br\/?p=22811","title":{"rendered":"Minicom recebe manifesta\u00e7\u00f5es sobre \u00e1udio-descri\u00e7\u00e3o"},"content":{"rendered":"\n<p class=\"padrao\"><u><strong>Reproduzido do TeleS&iacute;ntese<\/strong><\/u><\/p>\n<p>O ministro das Comunica&ccedil;&otilde;es, H&eacute;lio Costa, concedeu prazo de 45 dias aos interessados na promo&ccedil;&atilde;o de acessibilidade por meio da &aacute;udio-descri&ccedil;&atilde;o em televis&atilde;o. Eles dever&atilde;o se manifestar nesse prazo acerca das contribui&ccedil;&otilde;es apresentadas em consulta p&uacute;blica conclu&iacute;da em 31 de janeiro. &ldquo;O recurso da &aacute;udio-descri&ccedil;&atilde;o na televis&atilde;o &eacute; um tema que trabalhamos com muita dedica&ccedil;&atilde;o e queremos que se torne realidade tanto nas geradoras quanto nas retransmissoras de televis&atilde;o de todo nosso pa&iacute;s. Isso vai garantir aos deficientes visuais o direito &agrave; comunica&ccedil;&atilde;o, ao entretenimento, &agrave; cultura e ao lazer&rdquo;, disse o ministro H&eacute;lio Costa.<\/p>\n<p>A &aacute;udio-descri&ccedil;&atilde;o, prevista na lei n&ordm; 10.098 e regulamentada pelo decreto 5.645 e portaria do Minist&eacute;rio das Comunica&ccedil;&otilde;es n&ordm; 661\/98, &eacute; um recurso tecnol&oacute;gico que as emissoras de televis&atilde;o, tanto as geradoras quanto as retransmissoras, v&atilde;o tornar dispon&iacute;vel aos telespectadores. Por meio desse recurso, a emissora inclui um canal de &aacute;udio com a descri&ccedil;&atilde;o das imagens e outras informa&ccedil;&otilde;es constantes do cen&aacute;rio de um programa televisivo.<span class=\"padrao\"><\/p>\n<p>Na consulta p&uacute;blica sobre a promo&ccedil;&atilde;o &agrave; acessibilidade para pessoas com defici&ecirc;ncia nos servi&ccedil;os de televis&atilde;o h&aacute; contribui&ccedil;&otilde;es importantes. Desde a tecnologia a ser implantada &ndash; Programa Secund&aacute;rio de &Aacute;udio (SAP), Internet Protocol (IP) e outras usadas na radiodifus&atilde;o e nas redes de telefonia fixa e m&oacute;vel &ndash;, a m&atilde;o-de-obra necess&aacute;ria, bem como o impacto da ado&ccedil;&atilde;o dessa tecnologia do ponto de vista econ&ocirc;mico, inclusive em fun&ccedil;&atilde;o da implanta&ccedil;&atilde;o da TV Digital no Brasil.<\/span><\/p>\n","protected":false},"excerpt":{"rendered":"<p>Reproduzido do TeleS&iacute;ntese O ministro das Comunica&ccedil;&otilde;es, H&eacute;lio Costa, concedeu prazo de 45 dias aos interessados na promo&ccedil;&atilde;o de acessibilidade por meio da &aacute;udio-descri&ccedil;&atilde;o em televis&atilde;o. Eles dever&atilde;o se manifestar nesse prazo acerca das contribui&ccedil;&otilde;es apresentadas em consulta p&uacute;blica conclu&iacute;da em 31 de janeiro. &ldquo;O recurso da &aacute;udio-descri&ccedil;&atilde;o na televis&atilde;o &eacute; um tema que trabalhamos &hellip; <a href=\"https:\/\/obscom.intervozes.org.br\/?p=22811\" class=\"more-link\">Continue lendo <span class=\"screen-reader-text\">Minicom recebe manifesta\u00e7\u00f5es sobre \u00e1udio-descri\u00e7\u00e3o<\/span> <span class=\"meta-nav\">&rarr;<\/span><\/a><\/p>\n","protected":false},"author":1,"featured_media":0,"comment_status":"open","ping_status":"open","sticky":false,"template":"","format":"standard","meta":{"footnotes":""},"categories":[39],"tags":[],"_links":{"self":[{"href":"https:\/\/obscom.intervozes.org.br\/index.php?rest_route=\/wp\/v2\/posts\/22811"}],"collection":[{"href":"https:\/\/obscom.intervozes.org.br\/index.php?rest_route=\/wp\/v2\/posts"}],"about":[{"href":"https:\/\/obscom.intervozes.org.br\/index.php?rest_route=\/wp\/v2\/types\/post"}],"author":[{"embeddable":true,"href":"https:\/\/obscom.intervozes.org.br\/index.php?rest_route=\/wp\/v2\/users\/1"}],"replies":[{"embeddable":true,"href":"https:\/\/obscom.intervozes.org.br\/index.php?rest_route=%2Fwp%2Fv2%2Fcomments&post=22811"}],"version-history":[{"count":0,"href":"https:\/\/obscom.intervozes.org.br\/index.php?rest_route=\/wp\/v2\/posts\/22811\/revisions"}],"wp:attachment":[{"href":"https:\/\/obscom.intervozes.org.br\/index.php?rest_route=%2Fwp%2Fv2%2Fmedia&parent=22811"}],"wp:term":[{"taxonomy":"category","embeddable":true,"href":"https:\/\/obscom.intervozes.org.br\/index.php?rest_route=%2Fwp%2Fv2%2Fcategories&post=22811"},{"taxonomy":"post_tag","embeddable":true,"href":"https:\/\/obscom.intervozes.org.br\/index.php?rest_route=%2Fwp%2Fv2%2Ftags&post=22811"}],"curies":[{"name":"wp","href":"https:\/\/api.w.org\/{rel}","templated":true}]}}