{"id":22810,"date":"2009-05-21T12:09:46","date_gmt":"2009-05-21T12:09:46","guid":{"rendered":"https:\/\/obscom.intervozes.org.br\/wordpress\/?p=22810"},"modified":"2009-05-21T12:09:46","modified_gmt":"2009-05-21T12:09:46","slug":"congresso-e-negligente-com-reativacao-do-ccs","status":"publish","type":"post","link":"https:\/\/obscom.intervozes.org.br\/?p=22810","title":{"rendered":"Congresso \u00e9 negligente com reativa\u00e7\u00e3o do CCS"},"content":{"rendered":"<p><span class=\"padrao\">Enquanto o pa&iacute;s discute a realiza&ccedil;&atilde;o da primeira Confer&ecirc;ncia Nacional de Comunica&ccedil;&atilde;o Social, uma outra luta importante, que levou anos para se consolidar, est&aacute; imobilizada. A aus&ecirc;ncia do Conselho de Comunica&ccedil;&atilde;o Social (CCS) &eacute; sentida especialmente neste momento e sua reinstala&ccedil;&atilde;o necess&aacute;ria. H&aacute;, na C&acirc;mara, uma proposta de audi&ecirc;ncia p&uacute;blica para debater a quest&atilde;o. O Congresso, por&eacute;m, n&atilde;o d&aacute; sinais de reativar seu &quot;bra&ccedil;o auxiliar nos assuntos da comunica&ccedil;&atilde;o&quot;. A sociedade representada no Conselho reclama.<\/p>\n<p>Previsto na Constitui&ccedil;&atilde;o Federal de 1988 como um &oacute;rg&atilde;o auxiliar do Congresso Nacional para discutir as quest&otilde;es referentes &agrave; comunica&ccedil;&atilde;o social no pa&iacute;s, o CCS est&aacute; inativo desde dezembro de 2006. Com o objetivo de reaver o debate, a Comiss&atilde;o de Ci&ecirc;ncia e Tecnologia, Comunica&ccedil;&atilde;o e Inform&aacute;tica (CCTCI) da C&acirc;mara aprovou, em abril, o requerimento da deputada Luiza Erundina (PSB-SP) para a realiza&ccedil;&atilde;o de uma audi&ecirc;ncia p&uacute;blica que discutir&aacute; a atua&ccedil;&atilde;o do Conselho, parado h&aacute; dois anos e cinco meses. A reuni&atilde;o ainda n&atilde;o tem data marcada para acontecer.<\/p>\n<p><strong>C&acirc;mara n&atilde;o leva assunto &agrave; pauta<br \/><\/strong><br \/>H&aacute; um ano, em maio de 2008, a CCTCI colocou o CCS em debate, mas desde aquela &eacute;poca nada andou. Na ocasi&atilde;o, o coordenador-geral do F&oacute;rum Nacional pela Democratiza&ccedil;&atilde;o da Comunica&ccedil;&atilde;o (FNDC), Celso Schr&ouml;der, conselheiro na &uacute;ltima gest&atilde;o do CCS pela Federa&ccedil;&atilde;o Nacional dos Jornalistas (Fenaj), enfatizou a urg&ecirc;ncia da retomada do mesmo. &quot;Precisamos rearticul&aacute;-lo imediatamente, reorganiz&aacute;-lo com um patamar mais democr&aacute;tico, como um espa&ccedil;o p&uacute;blico de consenso, e n&atilde;o um local de vota&ccedil;&atilde;o e de decis&otilde;es por maioria. Isso &eacute; ainda mais urgente que seu debate&quot;, avaliou Schr&ouml;der.<\/p>\n<p>H&aacute; quem pense que o Conselho n&atilde;o tem import&acirc;ncia alguma, destaca a cineasta Berenice Mendes. &quot;Esses se manifestam e agem no sentido de prejudicar suas atividades. Por&eacute;m, isto sequer poderia ser questionado, j&aacute; que o CCS &eacute; um mandamento constitucional e tem suas fun&ccedil;&otilde;es estipuladas na lei que o criou, no seu regimento interno&quot;, afirma Berenice, que j&aacute; foi conselheira no CCS por duas gest&otilde;es e &eacute; membro da coordena&ccedil;&atilde;o executiva do FNDC.<\/span><\/p>\n<p>Em dezembro de 2006, quando se reuniu pela &uacute;ltima vez, o Conselho de Comunica&ccedil;&atilde;o Social deveria ter realizado elei&ccedil;&atilde;o para as vagas de sete conselheiros que terminavam seus mandatos e o presidente do &oacute;rg&atilde;o. Por&eacute;m, a Mesa do Congresso Nacional, que deveria escolher os substitutos (os nomes j&aacute; haviam sido indicados pelas institui&ccedil;&otilde;es) n&atilde;o levou o assunto &agrave; pauta, inviabilizando a retomada dos trabalhos do CCS em 2007. Como o Congresso ainda n&atilde;o retomou o assunto, o Conselho passou 2008 e j&aacute; chega &agrave; quase metade do ano de 2009 sem atuar.<\/p>\n<p><strong>&quot;Vai fazer falta ao debate&quot;<br \/><\/strong><br \/>Para Berenice Mendes, esse descumprimento frontal &agrave; regra constitucional &eacute; absolutamente intoler&aacute;vel. Para ela, a inoper&acirc;ncia do CCS &eacute; de responsabilidade geral, mas especialmente do Congresso. &quot;&Eacute; um descaso para com a sociedade brasileira. J&aacute; est&aacute; passando das raias da arrog&acirc;ncia e da neglig&ecirc;ncia do atual Congresso para com o povo brasileiro&quot;, afirmou.<\/p>\n<p>Na avalia&ccedil;&atilde;o da cineasta, ainda, nunca o pa&iacute;s viveu uma necessidade t&atilde;o grande de ter um &oacute;rg&atilde;o auxiliar constitucionalmente representando a sociedade, como no atual momento, em que se vive a altera&ccedil;&atilde;o dos modelos de neg&oacute;cio na &aacute;rea de comunica&ccedil;&atilde;o, em fun&ccedil;&atilde;o da digitaliza&ccedil;&atilde;o dos meios. &quot;A sociedade depara com uma avalanche de novas tecnologias que devem estar a seu servi&ccedil;o, e n&atilde;o usufruindo dela como objeto de explora&ccedil;&atilde;o&quot;, comenta, avaliando que, efetivamente, a deputada Luiza Erundina mais uma vez se mostra uma pessoa de &quot;alt&iacute;ssimo valor e altamente generosa para com a sociedade&quot;.<\/p>\n<p>O conselheiro-presidente do CCS, Arnaldo Niskier, representante da sociedade civil no organismo, lamenta o sil&ecirc;ncio em torno do CCS. &quot;Ele poderia estar prestando grande contribui&ccedil;&atilde;o ao debate. N&atilde;o sei as raz&otilde;es&quot;, limita-se a comentar. O conselheiro Paulo Tonet Camargo, representante no CCS das empresas da imprensa escrita, reclama que o Conselho n&atilde;o venha conseguindo o devido reconhecimento do parlamento. &quot;No momento em que o pa&iacute;s se prepara para a Confer&ecirc;ncia Nacional de Comunica&ccedil;&atilde;o, seria de grande relev&acirc;ncia o papel do Conselho. Vai fazer falta ao debate&quot;, avalia.<\/p>\n<p><strong>&quot;Um m&iacute;nimo de fiscaliza&ccedil;&atilde;o e controle&quot;<br \/><\/strong><br \/>Segundo Camargo, o Conselho &eacute; importante primeiramente porque &eacute; um &oacute;rg&atilde;o previsto pela Constitui&ccedil;&atilde;o, um f&oacute;rum onde s&atilde;o debatidos e estudados os temas relativos &agrave; comunica&ccedil;&atilde;o social. &quot;N&atilde;o bastasse isto, todos os temas de regula&ccedil;&atilde;o da TV a Cabo, por lei, devem passar pelo conselho. Se n&atilde;o est&aacute; funcionando, fica um v&aacute;cuo. A raz&atilde;o do descaso, eu acho que deve ser perguntada ao parlamento&quot;, finaliza.<\/p>\n<p>Representante das empresas de televis&atilde;o no CCS, o conselheiro Gilberto Carlos Leifert avalia que o CCS faz falta em todos os sentidos: ao Congresso, como &oacute;rg&atilde;o auxiliar, que emite pareceres, realiza estudos etc.; aos cidad&atilde;os, que n&atilde;o devem abrir m&atilde;o do colegiado atento a qualquer amea&ccedil;a capaz de colocar em risco os direitos e as garantias estabelecidos pela Constitui&ccedil;&atilde;o Federal.<\/p>\n<p>Leifert defende que n&atilde;o se deve prescindir desse f&oacute;rum, local de compet&ecirc;ncia para promover discuss&otilde;es amplas, plurais e isentas sobre aplica&ccedil;&otilde;es de tecnologias que interessam ao Estado, &agrave; iniciativa privada, aos operadores e t&eacute;cnicos, &agrave; universidade e ao Pa&iacute;s. &quot;T&atilde;o importante quanto a reinstala&ccedil;&atilde;o do colegiado, ser&aacute; a sua composi&ccedil;&atilde;o. <\/p>\n<p>Ao defini-la, o Congresso dever&aacute; designar cidad&atilde;os id&ocirc;neos, dispostos a doar seu tempo, experi&ecirc;ncia e conhecimento sem nada receber em troca. Eu ousaria acrescentar que os que forem investidos dever&atilde;o resistir &agrave; tenta&ccedil;&atilde;o de transformar as pautas do CCS em tribuna ou palanque para manifesta&ccedil;&otilde;es ideol&oacute;gicas. Embora eleitos pelo Congresso Nacional, os conselheiros do CCS n&atilde;o s&atilde;o parlamentares e a miss&atilde;o deles nem de longe se equipara &agrave; dos representantes pol&iacute;ticos eleitos&quot;, conclui.<\/p>\n<p>Ao defender o restabelecimento das atividades do Conselho, com a convoca&ccedil;&atilde;o de elei&ccedil;&otilde;es para seus membros, a deputada Luiza Erundina destaca que o &oacute;rg&atilde;o precisa atuar como &quot;um mecanismo de controle social, capaz de assegurar o m&iacute;nimo de fiscaliza&ccedil;&atilde;o e controle sobre a comunica&ccedil;&atilde;o social no pa&iacute;s&quot;.<\/p>\n","protected":false},"excerpt":{"rendered":"<p>Enquanto o pa&iacute;s discute a realiza&ccedil;&atilde;o da primeira Confer&ecirc;ncia Nacional de Comunica&ccedil;&atilde;o Social, uma outra luta importante, que levou anos para se consolidar, est&aacute; imobilizada. A aus&ecirc;ncia do Conselho de Comunica&ccedil;&atilde;o Social (CCS) &eacute; sentida especialmente neste momento e sua reinstala&ccedil;&atilde;o necess&aacute;ria. H&aacute;, na C&acirc;mara, uma proposta de audi&ecirc;ncia p&uacute;blica para debater a quest&atilde;o. O &hellip; <a href=\"https:\/\/obscom.intervozes.org.br\/?p=22810\" class=\"more-link\">Continue lendo <span class=\"screen-reader-text\">Congresso \u00e9 negligente com reativa\u00e7\u00e3o do CCS<\/span> <span class=\"meta-nav\">&rarr;<\/span><\/a><\/p>\n","protected":false},"author":1,"featured_media":0,"comment_status":"open","ping_status":"open","sticky":false,"template":"","format":"standard","meta":{"footnotes":""},"categories":[40],"tags":[900],"_links":{"self":[{"href":"https:\/\/obscom.intervozes.org.br\/index.php?rest_route=\/wp\/v2\/posts\/22810"}],"collection":[{"href":"https:\/\/obscom.intervozes.org.br\/index.php?rest_route=\/wp\/v2\/posts"}],"about":[{"href":"https:\/\/obscom.intervozes.org.br\/index.php?rest_route=\/wp\/v2\/types\/post"}],"author":[{"embeddable":true,"href":"https:\/\/obscom.intervozes.org.br\/index.php?rest_route=\/wp\/v2\/users\/1"}],"replies":[{"embeddable":true,"href":"https:\/\/obscom.intervozes.org.br\/index.php?rest_route=%2Fwp%2Fv2%2Fcomments&post=22810"}],"version-history":[{"count":0,"href":"https:\/\/obscom.intervozes.org.br\/index.php?rest_route=\/wp\/v2\/posts\/22810\/revisions"}],"wp:attachment":[{"href":"https:\/\/obscom.intervozes.org.br\/index.php?rest_route=%2Fwp%2Fv2%2Fmedia&parent=22810"}],"wp:term":[{"taxonomy":"category","embeddable":true,"href":"https:\/\/obscom.intervozes.org.br\/index.php?rest_route=%2Fwp%2Fv2%2Fcategories&post=22810"},{"taxonomy":"post_tag","embeddable":true,"href":"https:\/\/obscom.intervozes.org.br\/index.php?rest_route=%2Fwp%2Fv2%2Ftags&post=22810"}],"curies":[{"name":"wp","href":"https:\/\/api.w.org\/{rel}","templated":true}]}}