{"id":22807,"date":"2009-05-20T23:57:06","date_gmt":"2009-05-20T23:57:06","guid":{"rendered":"https:\/\/obscom.intervozes.org.br\/wordpress\/?p=22807"},"modified":"2009-05-20T23:57:06","modified_gmt":"2009-05-20T23:57:06","slug":"congresso-define-indicacoes-para-comissao-organizadora","status":"publish","type":"post","link":"https:\/\/obscom.intervozes.org.br\/?p=22807","title":{"rendered":"Congresso define indica\u00e7\u00f5es para Comiss\u00e3o Organizadora"},"content":{"rendered":"<p> \t<!-- \t\t@page { margin: 2cm } \t\tP { margin-bottom: 0.21cm } \t--> \t      <\/p>\n<p class=\"padrao\">Segundo informa&ccedil;&otilde;es apuradas pelo <strong>Observat&oacute;rio do Direito &agrave; Comunica&ccedil;&atilde;o<\/strong>, o Congresso Nacional j&aacute; definiu os seus representantes na Comiss&atilde;o Organizadora da Confer&ecirc;ncia Nacional de Comunica&ccedil;&atilde;o (Confecom). Cada uma das duas casas legislativas tem direito a dois titulares e quatro suplentes na inst&acirc;ncia. <\/p>\n<p>O Senado ser&aacute; representado por Wellington Salgado (PMDB-MG) e Flexa Ribeiro (PSDB-PA) como titulare, e pelos por Lob&atilde;o Filho (PMDB-MA) e ACM J&uacute;nior (DEM-BA) como suplentes. Completam a supl&ecirc;ncia os consultores legislativos Ana Luiza Saibro e Igor Freitas.<\/p>\n<p>J&aacute; a lista da C&acirc;mara trouxe uma surpresa. Na &uacute;ltima semana, circulou na casa a informa&ccedil;&atilde;o que o presidente Michel Temer (PMDB-SP) apresentaria os nomes dos deputados Paulo Bornhausen (DEM-SC) e Milton Monti (PR-SP) como representantes nas vagas de titular e as parlamentares Cida Diogo (PT-SP) e Luiza Erundina (PSB-SP) na supl&ecirc;ncia.<\/p>\n<p>Ap&oacute;s press&atilde;o de parlamentares e da Comiss&atilde;o Pr&oacute;-Confer&ecirc;ncia Nacional de Comunica&ccedil;&atilde;o (CNPC), a lista foi alterada, com a deputada Luiza Erundina sendo al&ccedil;ada &agrave; condi&ccedil;&atilde;o de titular. Com isso, a composi&ccedil;&atilde;o contemplou um nome alinhado ao empresariado, o deputado Paulo Bornhausen, e outro vinculado aos movimentos pela democratiza&ccedil;&atilde;o da comunica&ccedil;&atilde;o, a deputada Luiza Erundina.<\/p>\n<p>Um entendimento da mesa diretora da C&acirc;mara deve fazer com que os representantes do Congresso tenham uma condi&ccedil;&atilde;o especial na Comiss&atilde;o Organizadora. Uma vez que o Legislativo est&aacute; em igual posi&ccedil;&atilde;o em rela&ccedil;&atilde;o aos outros poderes, seus integrantes n&atilde;o podem participar de uma comiss&atilde;o criada pelo Executivo da mesma forma que membros deste poder ou da sociedade. A partir desta compreens&atilde;o, o Congresso indicou seus nomes para colaborar com a Comiss&atilde;o Organizadora, mas eles n&atilde;o dever&atilde;o ter direito a voto.<\/p>\n","protected":false},"excerpt":{"rendered":"<p>Segundo informa&ccedil;&otilde;es apuradas pelo Observat&oacute;rio do Direito &agrave; Comunica&ccedil;&atilde;o, o Congresso Nacional j&aacute; definiu os seus representantes na Comiss&atilde;o Organizadora da Confer&ecirc;ncia Nacional de Comunica&ccedil;&atilde;o (Confecom). Cada uma das duas casas legislativas tem direito a dois titulares e quatro suplentes na inst&acirc;ncia. O Senado ser&aacute; representado por Wellington Salgado (PMDB-MG) e Flexa Ribeiro (PSDB-PA) como &hellip; <a href=\"https:\/\/obscom.intervozes.org.br\/?p=22807\" class=\"more-link\">Continue lendo <span class=\"screen-reader-text\">Congresso define indica\u00e7\u00f5es para Comiss\u00e3o Organizadora<\/span> <span class=\"meta-nav\">&rarr;<\/span><\/a><\/p>\n","protected":false},"author":1,"featured_media":0,"comment_status":"open","ping_status":"open","sticky":false,"template":"","format":"standard","meta":{"footnotes":""},"categories":[40],"tags":[1012],"_links":{"self":[{"href":"https:\/\/obscom.intervozes.org.br\/index.php?rest_route=\/wp\/v2\/posts\/22807"}],"collection":[{"href":"https:\/\/obscom.intervozes.org.br\/index.php?rest_route=\/wp\/v2\/posts"}],"about":[{"href":"https:\/\/obscom.intervozes.org.br\/index.php?rest_route=\/wp\/v2\/types\/post"}],"author":[{"embeddable":true,"href":"https:\/\/obscom.intervozes.org.br\/index.php?rest_route=\/wp\/v2\/users\/1"}],"replies":[{"embeddable":true,"href":"https:\/\/obscom.intervozes.org.br\/index.php?rest_route=%2Fwp%2Fv2%2Fcomments&post=22807"}],"version-history":[{"count":0,"href":"https:\/\/obscom.intervozes.org.br\/index.php?rest_route=\/wp\/v2\/posts\/22807\/revisions"}],"wp:attachment":[{"href":"https:\/\/obscom.intervozes.org.br\/index.php?rest_route=%2Fwp%2Fv2%2Fmedia&parent=22807"}],"wp:term":[{"taxonomy":"category","embeddable":true,"href":"https:\/\/obscom.intervozes.org.br\/index.php?rest_route=%2Fwp%2Fv2%2Fcategories&post=22807"},{"taxonomy":"post_tag","embeddable":true,"href":"https:\/\/obscom.intervozes.org.br\/index.php?rest_route=%2Fwp%2Fv2%2Ftags&post=22807"}],"curies":[{"name":"wp","href":"https:\/\/api.w.org\/{rel}","templated":true}]}}