{"id":22805,"date":"2009-05-20T12:44:50","date_gmt":"2009-05-20T12:44:50","guid":{"rendered":"https:\/\/obscom.intervozes.org.br\/wordpress\/?p=22805"},"modified":"2009-05-20T12:44:50","modified_gmt":"2009-05-20T12:44:50","slug":"para-ministro-decisao-sobre-multiprogramacao-saira-do-congresso","status":"publish","type":"post","link":"https:\/\/obscom.intervozes.org.br\/?p=22805","title":{"rendered":"Para ministro, decis\u00e3o sobre multiprograma\u00e7\u00e3o sair\u00e1 do Congresso"},"content":{"rendered":"<p><span class=\"padrao\">A solu&ccedil;&atilde;o definitiva para que seja permitida a oferta de multiprograma&ccedil;&atilde;o pelas emissoras de TV comerciais, e outras que n&atilde;o fazem parte do sistema p&uacute;blico de TV digital, deve demorar. O ministro das Comunica&ccedil;&otilde;es, H&eacute;lio Costa, disse nessa ter&ccedil;a-feira (19) que nem o minist&eacute;rio, nem a Presid&ecirc;ncia da Rep&uacute;blica podem ser responsabilizados para encontrar uma solu&ccedil;&atilde;o para os impedimentos legais que afetariam a oferta da multiprograma&ccedil;&atilde;o. Como a defini&ccedil;&atilde;o de que cada emissora s&oacute; pode ter apenas um canal nas &aacute;reas outorgadas est&aacute; em lei, cabe ao Congresso Nacional decidir se ir&aacute; liberar a oferta m&uacute;ltipla de canais ou n&atilde;o.<\/p>\n<p>&quot;N&atilde;o &eacute; o ministro das Comunica&ccedil;&otilde;es, n&atilde;o &eacute; o presidente da Rep&uacute;blica quem decide sobre a multiprograma&ccedil;&atilde;o. Quem decide &eacute; o Congresso Nacional. N&atilde;o pode ficar sob a responsabilidade do ministro e do presidente decidir se pode fazer multiprograma&ccedil;&atilde;o&quot;, afirmou H&eacute;lio Costa em seu discurso durante a abertura do 25&ordm; Congresso Brasileiro de Radiodifus&atilde;o, promovido pela Abert. A declara&ccedil;&atilde;o do ministro confirma as an&aacute;lises preliminares feitas pelo Minicom e pela c&uacute;pula do Pal&aacute;cio do Planalto de que n&atilde;o haveria uma sa&iacute;da infralegal para solucionar o impasse em torno da multiprograma&ccedil;&atilde;o pelas emissoras comerciais e educativas.<\/p>\n<p>No momento, apenas as emissoras da Uni&atilde;o t&ecirc;m o direito de oferecer diversos canais explorando a facilidade permitida pela digitaliza&ccedil;&atilde;o da radiodifus&atilde;o. Nestes casos n&atilde;o h&aacute; problemas legais porque, por se tratar de uma explora&ccedil;&atilde;o p&uacute;blica de um servi&ccedil;o constitucionalmente sob responsabilidade da Uni&atilde;o (a radiodifus&atilde;o), as emissoras p&uacute;blicas n&atilde;o estariam limitadas pela regulamenta&ccedil;&atilde;o produzida para organizar a concess&atilde;o do servi&ccedil;o a terceiros. Dessa forma, a limita&ccedil;&atilde;o na explora&ccedil;&atilde;o de canais n&atilde;o valeria para as p&uacute;blicas.<\/p>\n<p>Como forma paliativa, o Minicom tem aceitado a apresenta&ccedil;&atilde;o de propostas de uso da multiprograma&ccedil;&atilde;o em car&aacute;ter cient&iacute;fico e experimental. As autoriza&ccedil;&otilde;es, no entanto, s&oacute; ser&atilde;o concedidas caso a emissora comprove que os canais t&ecirc;m conte&uacute;do educativo ou social. Seguindo estes par&acirc;metros, o Minicom autorizou recentemente o uso da facilidade de multiprograma&ccedil;&atilde;o pela TV Cultura, mas o grupo Abril, por exemplo, que tamb&eacute;m tem interesse, n&atilde;o consegue o sinal verde do Governo.<\/span><\/p>\n","protected":false},"excerpt":{"rendered":"<p>A solu&ccedil;&atilde;o definitiva para que seja permitida a oferta de multiprograma&ccedil;&atilde;o pelas emissoras de TV comerciais, e outras que n&atilde;o fazem parte do sistema p&uacute;blico de TV digital, deve demorar. O ministro das Comunica&ccedil;&otilde;es, H&eacute;lio Costa, disse nessa ter&ccedil;a-feira (19) que nem o minist&eacute;rio, nem a Presid&ecirc;ncia da Rep&uacute;blica podem ser responsabilizados para encontrar uma &hellip; <a href=\"https:\/\/obscom.intervozes.org.br\/?p=22805\" class=\"more-link\">Continue lendo <span class=\"screen-reader-text\">Para ministro, decis\u00e3o sobre multiprograma\u00e7\u00e3o sair\u00e1 do Congresso<\/span> <span class=\"meta-nav\">&rarr;<\/span><\/a><\/p>\n","protected":false},"author":1,"featured_media":0,"comment_status":"open","ping_status":"open","sticky":false,"template":"","format":"standard","meta":{"footnotes":""},"categories":[40],"tags":[892],"_links":{"self":[{"href":"https:\/\/obscom.intervozes.org.br\/index.php?rest_route=\/wp\/v2\/posts\/22805"}],"collection":[{"href":"https:\/\/obscom.intervozes.org.br\/index.php?rest_route=\/wp\/v2\/posts"}],"about":[{"href":"https:\/\/obscom.intervozes.org.br\/index.php?rest_route=\/wp\/v2\/types\/post"}],"author":[{"embeddable":true,"href":"https:\/\/obscom.intervozes.org.br\/index.php?rest_route=\/wp\/v2\/users\/1"}],"replies":[{"embeddable":true,"href":"https:\/\/obscom.intervozes.org.br\/index.php?rest_route=%2Fwp%2Fv2%2Fcomments&post=22805"}],"version-history":[{"count":0,"href":"https:\/\/obscom.intervozes.org.br\/index.php?rest_route=\/wp\/v2\/posts\/22805\/revisions"}],"wp:attachment":[{"href":"https:\/\/obscom.intervozes.org.br\/index.php?rest_route=%2Fwp%2Fv2%2Fmedia&parent=22805"}],"wp:term":[{"taxonomy":"category","embeddable":true,"href":"https:\/\/obscom.intervozes.org.br\/index.php?rest_route=%2Fwp%2Fv2%2Fcategories&post=22805"},{"taxonomy":"post_tag","embeddable":true,"href":"https:\/\/obscom.intervozes.org.br\/index.php?rest_route=%2Fwp%2Fv2%2Ftags&post=22805"}],"curies":[{"name":"wp","href":"https:\/\/api.w.org\/{rel}","templated":true}]}}