{"id":22804,"date":"2009-05-20T12:41:52","date_gmt":"2009-05-20T12:41:52","guid":{"rendered":"https:\/\/obscom.intervozes.org.br\/wordpress\/?p=22804"},"modified":"2009-05-20T12:41:52","modified_gmt":"2009-05-20T12:41:52","slug":"indicacao-de-manoel-rangel-a-presidencia-da-agencia-e-aprovada","status":"publish","type":"post","link":"https:\/\/obscom.intervozes.org.br\/?p=22804","title":{"rendered":"Indica\u00e7\u00e3o de Manoel Rangel \u00e0 presid\u00eancia da ag\u00eancia \u00e9 aprovada"},"content":{"rendered":"<p><u><strong>Reproduzido do Tela Viva News<br \/><\/strong><\/u><br \/>Foi aprovada nessa ter&ccedil;a-feira (19) a indica&ccedil;&atilde;o da Presid&ecirc;ncia da Rep&uacute;blica para a recondu&ccedil;&atilde;o de Manoel Rangel Neto ao cargo de diretor-presidente da Ag&ecirc;ncia Nacional do Cinema (Ancine) para o bi&ecirc;nio 2009\/2010. Segundo informa&ccedil;&otilde;es da Ag&ecirc;ncia Senado, a indica&ccedil;&atilde;o foi aprovada em vota&ccedil;&atilde;o secreta pela Comiss&atilde;o de Educa&ccedil;&atilde;o, Cultura e Esporte (CE). O colegiado tamb&eacute;m aprovou pareceres pela indica&ccedil;&atilde;o de dois novos diretores para o &oacute;rg&atilde;o: Paulo Xavier Alcoforado e Glauber Piva Gon&ccedil;alves. <\/p>\n<p>Os membros da CE tamb&eacute;m aprovaram requerimento do senador In&aacute;cio Arruda (PCdoB\/CE) para que as tr&ecirc;s indica&ccedil;&otilde;es sejam apreciadas em regime de urg&ecirc;ncia pelo Plen&aacute;rio. Alcoforado dever&aacute; exercer o cargo de diretor em vaga decorrente da ren&uacute;ncia de S&eacute;rgio S&aacute; Leit&atilde;o. Piva foi indicado para a vaga de diretor resultante do t&eacute;rmino do mandato de Nilson Rodrigues da Fonseca.<\/p>\n","protected":false},"excerpt":{"rendered":"<p>Reproduzido do Tela Viva NewsFoi aprovada nessa ter&ccedil;a-feira (19) a indica&ccedil;&atilde;o da Presid&ecirc;ncia da Rep&uacute;blica para a recondu&ccedil;&atilde;o de Manoel Rangel Neto ao cargo de diretor-presidente da Ag&ecirc;ncia Nacional do Cinema (Ancine) para o bi&ecirc;nio 2009\/2010. Segundo informa&ccedil;&otilde;es da Ag&ecirc;ncia Senado, a indica&ccedil;&atilde;o foi aprovada em vota&ccedil;&atilde;o secreta pela Comiss&atilde;o de Educa&ccedil;&atilde;o, Cultura e Esporte &hellip; <a href=\"https:\/\/obscom.intervozes.org.br\/?p=22804\" class=\"more-link\">Continue lendo <span class=\"screen-reader-text\">Indica\u00e7\u00e3o de Manoel Rangel \u00e0 presid\u00eancia da ag\u00eancia \u00e9 aprovada<\/span> <span class=\"meta-nav\">&rarr;<\/span><\/a><\/p>\n","protected":false},"author":1,"featured_media":0,"comment_status":"open","ping_status":"open","sticky":false,"template":"","format":"standard","meta":{"footnotes":""},"categories":[39],"tags":[],"_links":{"self":[{"href":"https:\/\/obscom.intervozes.org.br\/index.php?rest_route=\/wp\/v2\/posts\/22804"}],"collection":[{"href":"https:\/\/obscom.intervozes.org.br\/index.php?rest_route=\/wp\/v2\/posts"}],"about":[{"href":"https:\/\/obscom.intervozes.org.br\/index.php?rest_route=\/wp\/v2\/types\/post"}],"author":[{"embeddable":true,"href":"https:\/\/obscom.intervozes.org.br\/index.php?rest_route=\/wp\/v2\/users\/1"}],"replies":[{"embeddable":true,"href":"https:\/\/obscom.intervozes.org.br\/index.php?rest_route=%2Fwp%2Fv2%2Fcomments&post=22804"}],"version-history":[{"count":0,"href":"https:\/\/obscom.intervozes.org.br\/index.php?rest_route=\/wp\/v2\/posts\/22804\/revisions"}],"wp:attachment":[{"href":"https:\/\/obscom.intervozes.org.br\/index.php?rest_route=%2Fwp%2Fv2%2Fmedia&parent=22804"}],"wp:term":[{"taxonomy":"category","embeddable":true,"href":"https:\/\/obscom.intervozes.org.br\/index.php?rest_route=%2Fwp%2Fv2%2Fcategories&post=22804"},{"taxonomy":"post_tag","embeddable":true,"href":"https:\/\/obscom.intervozes.org.br\/index.php?rest_route=%2Fwp%2Fv2%2Ftags&post=22804"}],"curies":[{"name":"wp","href":"https:\/\/api.w.org\/{rel}","templated":true}]}}