{"id":22800,"date":"2009-05-19T18:21:37","date_gmt":"2009-05-19T18:21:37","guid":{"rendered":"https:\/\/obscom.intervozes.org.br\/wordpress\/?p=22800"},"modified":"2009-05-19T18:21:37","modified_gmt":"2009-05-19T18:21:37","slug":"com-baixo-quorum-audiencia-em-brasilia-termina-com-poucas-contribuicoes","status":"publish","type":"post","link":"https:\/\/obscom.intervozes.org.br\/?p=22800","title":{"rendered":"Com baixo qu\u00f3rum, audi\u00eancia em Bras\u00edlia termina com poucas contribui\u00e7\u00f5es"},"content":{"rendered":"\n<p class=\"padrao\">A audi&ecirc;ncia p&uacute;blica em Bras&iacute;lia para discutir a proposta da Anatel para os  contratos do Servi&ccedil;o Telef&ocirc;nico Fixo Comutado (STFC) e o Plano Geral de Metas de Qualidade (PGMQ), que entrar&atilde;o em  vigor em 2011, teve baix&iacute;ssima participa&ccedil;&atilde;o da sociedade. As duas etapas de  debate terminaram bem antes do previsto &#8211; o debate sobre os contratos durou  apenas duas horas e o do PGMQ, somente uma hora. E as contribui&ccedil;&otilde;es ao vivo para  a melhoria do texto tamb&eacute;m foram t&iacute;midas.<\/p>\n<p>Com rela&ccedil;&atilde;o aos contratos, a Anatel ouviu cobran&ccedil;as da Telcomp para que a  ag&ecirc;ncia agilize a produ&ccedil;&atilde;o do Plano Geral de Metas de Competi&ccedil;&atilde;o (PGMC),  considerado pela entidade um instrumento obrigat&oacute;rio e necess&aacute;rio para a  regula&ccedil;&atilde;o daqui em diante no setor de telecomunica&ccedil;&otilde;es. Em resposta, o  gerente-geral de Competi&ccedil;&atilde;o da Superintend&ecirc;ncia de Servi&ccedil;os P&uacute;blicos (SPB), Jos&eacute;  Gol&ccedil;alves Neto, assegurou que a Anatel est&aacute; trabalhando no tema e que o PGMC  estar&aacute; vigente bem antes de os novos contratos come&ccedil;arem a valer, em 2011.<\/p>\n<p>&Agrave; tarde, o debate sobre a proposta do novo PGMQ se resumiu a dois pontos  levantados pela Legi&atilde;o da Boa Vontade (LBV) e pela Fittel. A LBV pediu &agrave; Anatel  tratamento diferenciado para as entidades filantr&oacute;picas, eximindo-as da  exig&ecirc;ncia de confirma&ccedil;&atilde;o, por escrito, das doa&ccedil;&otilde;es faturadas nas contas  telef&ocirc;nicas. <\/p>\n<p>O gerente de acompanhamento e controle de qualidade da SPB, Rui  Hiroshi, recordou que este &eacute; um pedido antigo das entidades que recolhem  doa&ccedil;&otilde;es, mas sinalizou que n&atilde;o h&aacute; inten&ccedil;&atilde;o da ag&ecirc;ncia em alterar a proposta  neste aspecto. &quot;N&atilde;o h&aacute; a menor obriga&ccedil;&atilde;o de ser cobrada (a doa&ccedil;&atilde;o) no documento  de cobran&ccedil;a do STFC. Mas, se for usado o documento de cobran&ccedil;a, as entidades t&ecirc;m  que usar os par&acirc;metros de qualidade definidos para o STFC&quot;, afirmou.<\/p>\n<p>Os coment&aacute;rios da Fittel foram relacionados &agrave; necessidade de a Anatel prestar  maior aten&ccedil;&atilde;o aos n&iacute;veis de terceiriza&ccedil;&atilde;o no setor e, se poss&iacute;vel, incorporar  a&ccedil;&otilde;es de preven&ccedil;&atilde;o na regulamenta&ccedil;&atilde;o. Hiroshi concordou que esta &eacute; uma &quot;quest&atilde;o  muito s&eacute;ria&quot; e confirmou que o m&eacute;todo usado pela ag&ecirc;ncia analisa o resultado  final das prestadoras do STFC, sem avaliar se o cumprimento das metas se deu por  meio da terceiriza&ccedil;&atilde;o dos servi&ccedil;os. Mesmo assim, n&atilde;o houve uma indica&ccedil;&atilde;o clara  de que este aspecto levantado pela Fittel ser&aacute; atacado pela ag&ecirc;ncia nos novos  documentos do STFC. <\/p>\n","protected":false},"excerpt":{"rendered":"<p>A audi&ecirc;ncia p&uacute;blica em Bras&iacute;lia para discutir a proposta da Anatel para os contratos do Servi&ccedil;o Telef&ocirc;nico Fixo Comutado (STFC) e o Plano Geral de Metas de Qualidade (PGMQ), que entrar&atilde;o em vigor em 2011, teve baix&iacute;ssima participa&ccedil;&atilde;o da sociedade. As duas etapas de debate terminaram bem antes do previsto &#8211; o debate sobre os &hellip; <a href=\"https:\/\/obscom.intervozes.org.br\/?p=22800\" class=\"more-link\">Continue lendo <span class=\"screen-reader-text\">Com baixo qu\u00f3rum, audi\u00eancia em Bras\u00edlia termina com poucas contribui\u00e7\u00f5es<\/span> <span class=\"meta-nav\">&rarr;<\/span><\/a><\/p>\n","protected":false},"author":1,"featured_media":0,"comment_status":"open","ping_status":"open","sticky":false,"template":"","format":"standard","meta":{"footnotes":""},"categories":[40],"tags":[720],"_links":{"self":[{"href":"https:\/\/obscom.intervozes.org.br\/index.php?rest_route=\/wp\/v2\/posts\/22800"}],"collection":[{"href":"https:\/\/obscom.intervozes.org.br\/index.php?rest_route=\/wp\/v2\/posts"}],"about":[{"href":"https:\/\/obscom.intervozes.org.br\/index.php?rest_route=\/wp\/v2\/types\/post"}],"author":[{"embeddable":true,"href":"https:\/\/obscom.intervozes.org.br\/index.php?rest_route=\/wp\/v2\/users\/1"}],"replies":[{"embeddable":true,"href":"https:\/\/obscom.intervozes.org.br\/index.php?rest_route=%2Fwp%2Fv2%2Fcomments&post=22800"}],"version-history":[{"count":0,"href":"https:\/\/obscom.intervozes.org.br\/index.php?rest_route=\/wp\/v2\/posts\/22800\/revisions"}],"wp:attachment":[{"href":"https:\/\/obscom.intervozes.org.br\/index.php?rest_route=%2Fwp%2Fv2%2Fmedia&parent=22800"}],"wp:term":[{"taxonomy":"category","embeddable":true,"href":"https:\/\/obscom.intervozes.org.br\/index.php?rest_route=%2Fwp%2Fv2%2Fcategories&post=22800"},{"taxonomy":"post_tag","embeddable":true,"href":"https:\/\/obscom.intervozes.org.br\/index.php?rest_route=%2Fwp%2Fv2%2Ftags&post=22800"}],"curies":[{"name":"wp","href":"https:\/\/api.w.org\/{rel}","templated":true}]}}