{"id":22775,"date":"2009-05-14T12:15:48","date_gmt":"2009-05-14T12:15:48","guid":{"rendered":"https:\/\/obscom.intervozes.org.br\/wordpress\/?p=22775"},"modified":"2009-05-14T12:15:48","modified_gmt":"2009-05-14T12:15:48","slug":"projeto-vai-regulamentar-acesso-a-informacoes-publicas","status":"publish","type":"post","link":"https:\/\/obscom.intervozes.org.br\/?p=22775","title":{"rendered":"Projeto vai regulamentar acesso a informa\u00e7\u00f5es p\u00fablicas"},"content":{"rendered":"<p><span class=\"padrao\">A Casa Civil da Presid&ecirc;ncia da Rep&uacute;blica vai enviar ao Congresso Nacional um projeto de lei para regulamentar o acesso da popula&ccedil;&atilde;o aos documentos p&uacute;blicos. A proposta foi apresentada hoje (13) ap&oacute;s cerim&ocirc;nia no Itamaraty de lan&ccedil;amento de portal com informa&ccedil;&otilde;es p&uacute;blicas sobre a ditadura. As informa&ccedil;&otilde;es p&uacute;blicas dever&atilde;o ser colocadas na internet ou em n&uacute;cleos que ser&atilde;o criados nos &oacute;rg&atilde;os da administra&ccedil;&atilde;o.<\/p>\n<p>Segundo o subchefe de assuntos jur&iacute;dicos da Casa Civil, Roberto Vasconcelos, o projeto vai estabelecer garantias de acesso a informa&ccedil;&otilde;es p&uacute;blicas dos poderes Executivo, Legislativo e Judici&aacute;rios, tanto da Uni&atilde;o como de estados e munic&iacute;pios. &quot;Queremos definir direitos claros ao cidad&atilde;o e obriga&ccedil;&otilde;es bem espec&iacute;ficas da administra&ccedil;&atilde;o p&uacute;blica com determinadas penalidades para o descumprimento da lei. Elas [as penas] podem variar de m&eacute;dias a graves, o que pode significar ao final suspens&atilde;o, inclusive perda do cargo de servidores p&uacute;blicos e militares&rdquo;, explicou. <\/p>\n<p> Tanto informa&ccedil;&otilde;es p&uacute;blicas de &oacute;rg&atilde;os do per&iacute;odo da ditadura militar (1964-1985), como de &oacute;rg&atilde;os do governo sobre projetos, programas, licita&ccedil;&otilde;es, ser&atilde;o disponibilizadas &agrave; popula&ccedil;&atilde;o.         &quot;As regras e instrumentos pelos quais estamos criando e propondo obriga&ccedil;&otilde;es mais precisas &eacute; o que d&aacute; a garantia ao direito &agrave; informa&ccedil;&atilde;o p&uacute;blica. Por outro lado, h&aacute; obriga&ccedil;&otilde;es que a administra&ccedil;&atilde;o p&uacute;blica e o poder p&uacute;blico t&ecirc;m que cumprir&rdquo;, disse Vasconcelos. O projeto de lei tamb&eacute;m muda a classifica&ccedil;&atilde;o de sigilo dos documentos. Hoje, existem quatro classifica&ccedil;&otilde;es: ultrasecreto, m&aacute;ximo de 30 anos de sigilo; secreto, 20 anos; confidencial, 10 anos; e reservado, 5 anos. <\/p>\n<p>Com a nova proposta, ser&atilde;o fixadas tr&ecirc;s classifica&ccedil;&otilde;es. Os prazos de sigilo ficam menores. Os n&iacute;veis ser&atilde;o: ultrasecreto, 25 anos; secreto, 15 anos; e reservado, 5 anos.    A proposta tamb&eacute;m muda os prazos de prorroga&ccedil;&atilde;o de sigilo. Apenas os documentos classificados como ultrasecreto poder&atilde;o ter um prazo maior nos casos de amea&ccedil;a externa &agrave; soberania, &agrave; integridade territorial e ao grave risco nas rela&ccedil;&otilde;es internacionais. <\/p>\n<p>A prorroga&ccedil;&atilde;o poder&aacute; ser feita somente pelo presidente da Rep&uacute;blica, o vice-presidente, ministros, comandantes e chefes de miss&atilde;o diplom&aacute;tica e consulares, dependendo de ratifica&ccedil;&atilde;o do Ministro das Rela&ccedil;&otilde;es Exteriores.    A proposta tamb&eacute;m prev&ecirc; que a decis&atilde;o de classificar um documento como sigiloso seja fundamentada. A cada dois anos, ser&aacute; feita uma revis&atilde;o da classifica&ccedil;&atilde;o dos documentos sigilosos e, para isso, dever&aacute; ser criada uma comiss&atilde;o de an&aacute;lise .&nbsp;        <\/p>\n<p>Outra mudan&ccedil;a proposta &eacute; que os documentos que tratam de viola&ccedil;&otilde;es de direitos humanos n&atilde;o poder&atilde;o ser classificados como sigilosos. Caso aprovada pelo Congresso Nacional, a lei ter&aacute; prazo de 120 dias para entrar em vigor e assim os &oacute;rg&atilde;os p&uacute;blicos podem se adaptar &agrave;s novas regras.                                                                                                                                                        <\/span><!-- .replace('\n\n<p>','').replace('<\/p>\n\n','') -->                         <\/p>\n","protected":false},"excerpt":{"rendered":"<p>A Casa Civil da Presid&ecirc;ncia da Rep&uacute;blica vai enviar ao Congresso Nacional um projeto de lei para regulamentar o acesso da popula&ccedil;&atilde;o aos documentos p&uacute;blicos. A proposta foi apresentada hoje (13) ap&oacute;s cerim&ocirc;nia no Itamaraty de lan&ccedil;amento de portal com informa&ccedil;&otilde;es p&uacute;blicas sobre a ditadura. As informa&ccedil;&otilde;es p&uacute;blicas dever&atilde;o ser colocadas na internet ou em &hellip; <a href=\"https:\/\/obscom.intervozes.org.br\/?p=22775\" class=\"more-link\">Continue lendo <span class=\"screen-reader-text\">Projeto vai regulamentar acesso a informa\u00e7\u00f5es p\u00fablicas<\/span> <span class=\"meta-nav\">&rarr;<\/span><\/a><\/p>\n","protected":false},"author":1,"featured_media":0,"comment_status":"open","ping_status":"open","sticky":false,"template":"","format":"standard","meta":{"footnotes":""},"categories":[40],"tags":[924],"_links":{"self":[{"href":"https:\/\/obscom.intervozes.org.br\/index.php?rest_route=\/wp\/v2\/posts\/22775"}],"collection":[{"href":"https:\/\/obscom.intervozes.org.br\/index.php?rest_route=\/wp\/v2\/posts"}],"about":[{"href":"https:\/\/obscom.intervozes.org.br\/index.php?rest_route=\/wp\/v2\/types\/post"}],"author":[{"embeddable":true,"href":"https:\/\/obscom.intervozes.org.br\/index.php?rest_route=\/wp\/v2\/users\/1"}],"replies":[{"embeddable":true,"href":"https:\/\/obscom.intervozes.org.br\/index.php?rest_route=%2Fwp%2Fv2%2Fcomments&post=22775"}],"version-history":[{"count":0,"href":"https:\/\/obscom.intervozes.org.br\/index.php?rest_route=\/wp\/v2\/posts\/22775\/revisions"}],"wp:attachment":[{"href":"https:\/\/obscom.intervozes.org.br\/index.php?rest_route=%2Fwp%2Fv2%2Fmedia&parent=22775"}],"wp:term":[{"taxonomy":"category","embeddable":true,"href":"https:\/\/obscom.intervozes.org.br\/index.php?rest_route=%2Fwp%2Fv2%2Fcategories&post=22775"},{"taxonomy":"post_tag","embeddable":true,"href":"https:\/\/obscom.intervozes.org.br\/index.php?rest_route=%2Fwp%2Fv2%2Ftags&post=22775"}],"curies":[{"name":"wp","href":"https:\/\/api.w.org\/{rel}","templated":true}]}}