{"id":22764,"date":"2009-05-13T12:00:56","date_gmt":"2009-05-13T12:00:56","guid":{"rendered":"https:\/\/obscom.intervozes.org.br\/wordpress\/?p=22764"},"modified":"2009-05-13T12:00:56","modified_gmt":"2009-05-13T12:00:56","slug":"governo-abrira-consulta-sobre-padrao-de-radio-digital","status":"publish","type":"post","link":"https:\/\/obscom.intervozes.org.br\/?p=22764","title":{"rendered":"Governo abrir\u00e1 consulta sobre padr\u00e3o de r\u00e1dio digital"},"content":{"rendered":"<p><span class=\"padrao\">O governo abrir&aacute; em junho uma consulta p&uacute;blica, com dura&ccedil;&atilde;o de 90 dias, para definir o padr&atilde;o de r&aacute;dio digital que o Brasil adotar&aacute;. A consulta ser&aacute; anunciada na semana que vem, durante o 25&ordm; Congresso Brasileiro de Radiodifus&atilde;o, que come&ccedil;ar&aacute; no dia 19. Al&eacute;m de confrontar os sistemas Ibiquity (americano) e DRM (europeu), um dos principais objetivos ser&aacute; verificar se as emissoras nacionais est&atilde;o dispostas a tolerar uma &quot;falha&quot; da nova tecnologia para entrar na era digital: tido como favorito e mais moderno que o europeu, o padr&atilde;o americano ainda tem &quot;&aacute;reas de sombra&quot; em concentra&ccedil;&otilde;es urbanas, devido ao elevado n&uacute;mero de edif&iacute;cios e constru&ccedil;&otilde;es, o que simplesmente impede que o sinal AM seja detectado. <\/p>\n<p>&quot;Se houver um interesse generalizado para a implanta&ccedil;&atilde;o da r&aacute;dio digital, mesmo com essas limita&ccedil;&otilde;es, tudo bem. S&oacute; n&atilde;o podemos tomar uma decis&atilde;o sabendo que a ferramenta ainda n&atilde;o est&aacute; totalmente adequada&quot;, disse ao Valor o ministro das Comunica&ccedil;&otilde;es, H&eacute;lio Costa. Caso os radiodifusores decidam tolerar as atuais restri&ccedil;&otilde;es, a decis&atilde;o ocorreria at&eacute; o fim do ano. <\/p>\n<p>Os problemas foram apontados em testes feitos pelo Instituto Mackenzie, de S&atilde;o Paulo, a entidade acad&ecirc;mica mais reconhecida no segmento. O recebimento do sinal FM &#8211; que, com a digitaliza&ccedil;&atilde;o, passa a ter qualidade de CD &#8211; n&atilde;o sofreu restri&ccedil;&otilde;es. A d&uacute;vida est&aacute; no AM, que passa &agrave; qualidade de FM na digitaliza&ccedil;&atilde;o. Em sua avalia&ccedil;&atilde;o pessoal, Costa afirmou que &eacute; preciso ter certeza da solu&ccedil;&atilde;o desses problemas. Mas ele &eacute; favor&aacute;vel a uma decis&atilde;o. &quot;Se houver um compromisso, por parte do detentor da patente de r&aacute;dio digital, de que eles eventualmente resolver&atilde;o a quest&atilde;o, podemos at&eacute; avan&ccedil;ar.&quot;<\/p>\n<p> As discuss&otilde;es j&aacute; duram anos e o minist&eacute;rio s&oacute; bate o martelo em rela&ccedil;&atilde;o a um ponto: a transmiss&atilde;o dos sinais digitais dever&aacute; ocupar o mesmo espectro de radiofrequ&ecirc;ncia dos sinais anal&oacute;gicos atuais. O sistema americano provou atender a essa condi&ccedil;&atilde;o, que &eacute; essencial, segundo o ministro, porque cidades como S&atilde;o Paulo e Belo Horizonte n&atilde;o t&ecirc;m mais espa&ccedil;os de radiofrequ&ecirc;ncia dispon&iacute;veis. Sem descartar nenhuma tecnologia, Costa sublinhou que os europeus ter&atilde;o a oportunidade, durante a consulta p&uacute;blica, de demonstrar seus avan&ccedil;os recentes e se podem atender aos requisitos brasileiros. <\/p>\n<p>O presidente da Associa&ccedil;&atilde;o Brasileira das Emissoras de R&aacute;dio e Televis&atilde;o (Abert), Daniel Slaviero, considerou &quot;excelente&quot; a not&iacute;cia antecipada por Costa ao Valor. &quot;N&oacute;s entendemos que o processo de defini&ccedil;&atilde;o da r&aacute;dio digital tem v&aacute;rias etapas e essa (a da consulta p&uacute;blica) &eacute; uma das mais importantes&quot;, disse o executivo. <\/p>\n<p>Ap&oacute;s a realiza&ccedil;&atilde;o de reuni&otilde;es com os detentores dos sistemas e de testes por institutos especializados, dizer se vale a pena ou n&atilde;o tolerar as falhas detectadas para adotar logo a r&aacute;dio digital depende de quest&otilde;es como isen&ccedil;&atilde;o de royalties em toda a cadeia e, sobretudo, da demonstra&ccedil;&atilde;o de como ser&atilde;o feitas as inova&ccedil;&otilde;es necess&aacute;rias para corrigir os problemas atuais. Para o ministro H&eacute;lio Costa, &quot;o r&aacute;dio &eacute; o [meio de comunica&ccedil;&atilde;o] que mais est&aacute; necessitando da digitaliza&ccedil;&atilde;o&quot;. <\/p>\n<p>Diferentemente da televis&atilde;o, o governo n&atilde;o pretende fixar um prazo para o desligamento do sinal anal&oacute;gico. Por dois motivos: ele pode ser transmitido simultaneamente e no mesmo espectro do sinal digital; e os aparelhos digitais ainda s&atilde;o muito caros. Para dar escala aos equipamentos e baixar custos, Costa considera essencial buscar o engajamento da ind&uacute;stria automobil&iacute;stica, a maior respons&aacute;vel, individualmente, pela reposi&ccedil;&atilde;o de r&aacute;dios no mercado.<\/span><\/p>\n","protected":false},"excerpt":{"rendered":"<p>O governo abrir&aacute; em junho uma consulta p&uacute;blica, com dura&ccedil;&atilde;o de 90 dias, para definir o padr&atilde;o de r&aacute;dio digital que o Brasil adotar&aacute;. A consulta ser&aacute; anunciada na semana que vem, durante o 25&ordm; Congresso Brasileiro de Radiodifus&atilde;o, que come&ccedil;ar&aacute; no dia 19. Al&eacute;m de confrontar os sistemas Ibiquity (americano) e DRM (europeu), um &hellip; <a href=\"https:\/\/obscom.intervozes.org.br\/?p=22764\" class=\"more-link\">Continue lendo <span class=\"screen-reader-text\">Governo abrir\u00e1 consulta sobre padr\u00e3o de r\u00e1dio digital<\/span> <span class=\"meta-nav\">&rarr;<\/span><\/a><\/p>\n","protected":false},"author":1,"featured_media":0,"comment_status":"open","ping_status":"open","sticky":false,"template":"","format":"standard","meta":{"footnotes":""},"categories":[40],"tags":[601],"_links":{"self":[{"href":"https:\/\/obscom.intervozes.org.br\/index.php?rest_route=\/wp\/v2\/posts\/22764"}],"collection":[{"href":"https:\/\/obscom.intervozes.org.br\/index.php?rest_route=\/wp\/v2\/posts"}],"about":[{"href":"https:\/\/obscom.intervozes.org.br\/index.php?rest_route=\/wp\/v2\/types\/post"}],"author":[{"embeddable":true,"href":"https:\/\/obscom.intervozes.org.br\/index.php?rest_route=\/wp\/v2\/users\/1"}],"replies":[{"embeddable":true,"href":"https:\/\/obscom.intervozes.org.br\/index.php?rest_route=%2Fwp%2Fv2%2Fcomments&post=22764"}],"version-history":[{"count":0,"href":"https:\/\/obscom.intervozes.org.br\/index.php?rest_route=\/wp\/v2\/posts\/22764\/revisions"}],"wp:attachment":[{"href":"https:\/\/obscom.intervozes.org.br\/index.php?rest_route=%2Fwp%2Fv2%2Fmedia&parent=22764"}],"wp:term":[{"taxonomy":"category","embeddable":true,"href":"https:\/\/obscom.intervozes.org.br\/index.php?rest_route=%2Fwp%2Fv2%2Fcategories&post=22764"},{"taxonomy":"post_tag","embeddable":true,"href":"https:\/\/obscom.intervozes.org.br\/index.php?rest_route=%2Fwp%2Fv2%2Ftags&post=22764"}],"curies":[{"name":"wp","href":"https:\/\/api.w.org\/{rel}","templated":true}]}}