{"id":22762,"date":"2009-05-13T11:34:45","date_gmt":"2009-05-13T11:34:45","guid":{"rendered":"https:\/\/obscom.intervozes.org.br\/wordpress\/?p=22762"},"modified":"2009-05-13T11:34:45","modified_gmt":"2009-05-13T11:34:45","slug":"governo-abre-habilitacao-para-463-novas-radios-comunitarias","status":"publish","type":"post","link":"https:\/\/obscom.intervozes.org.br\/?p=22762","title":{"rendered":"Governo abre habilita\u00e7\u00e3o para 463 novas r\u00e1dios comunit\u00e1rias"},"content":{"rendered":"\n<p class=\"padrao\"><span class=\"padrao\"><u><strong>Reproduzido da Ag&ecirc;ncia Estado<\/strong><\/u><\/p>\n<p>O Minist&eacute;rio das Comunica&ccedil;&otilde;es quer criar 463 novas r&aacute;dios comunit&aacute;rias. O processo de habilita&ccedil;&atilde;o das entidades interessadas no direito de explora&ccedil;&atilde;o dos servi&ccedil;os foi aberto hoje e o prazo de inscri&ccedil;&atilde;o e de apresenta&ccedil;&atilde;o dos documentos vai at&eacute; o dia 26 de junho. Segundo aviso publicado hoje no Di&aacute;rio Oficial da Uni&atilde;o (D.O.U.), todos os Estados e o Distrito Federal foram contemplados.<\/span><\/p>\n<p>O ministro das Comunica&ccedil;&otilde;es, H&eacute;lio Costa, avaliou, por meio de nota, que a amplia&ccedil;&atilde;o do n&uacute;mero de r&aacute;dios comunit&aacute;rias &quot;&eacute; um passo para a democratiza&ccedil;&atilde;o dos meios de comunica&ccedil;&atilde;o do Pa&iacute;s&quot;. Hoje, 3.685 r&aacute;dios comunit&aacute;rias funcionam com autoriza&ccedil;&atilde;o no Brasil, mas a estimativa do setor &eacute; de que 12 mil emissoras operem clandestinamente. <\/p>\n<p><span class=\"padrao\">Para fazer o cadastramento, a entidade interessada deve pagar uma taxa de R$ 20. Mais detalhes sobre a inscri&ccedil;&atilde;o podem ser obtidos na p&aacute;gina do <a href=\"http:\/\/www.mc.gov.br\/radio-comunitaria\/formularios\/formularios\/anexo-a2.pdf\">Minist&eacute;rio das Comunica&ccedil;&otilde;es<\/a>. <\/span>As inscri&ccedil;&otilde;es podem ser feitas ainda pelos correios ou pessoalmente, no protocolo central do edif&iacute;cio do minist&eacute;rio, em Bras&iacute;lia.<\/p>\n","protected":false},"excerpt":{"rendered":"<p>Reproduzido da Ag&ecirc;ncia Estado O Minist&eacute;rio das Comunica&ccedil;&otilde;es quer criar 463 novas r&aacute;dios comunit&aacute;rias. O processo de habilita&ccedil;&atilde;o das entidades interessadas no direito de explora&ccedil;&atilde;o dos servi&ccedil;os foi aberto hoje e o prazo de inscri&ccedil;&atilde;o e de apresenta&ccedil;&atilde;o dos documentos vai at&eacute; o dia 26 de junho. Segundo aviso publicado hoje no Di&aacute;rio Oficial da &hellip; <a href=\"https:\/\/obscom.intervozes.org.br\/?p=22762\" class=\"more-link\">Continue lendo <span class=\"screen-reader-text\">Governo abre habilita\u00e7\u00e3o para 463 novas r\u00e1dios comunit\u00e1rias<\/span> <span class=\"meta-nav\">&rarr;<\/span><\/a><\/p>\n","protected":false},"author":1,"featured_media":0,"comment_status":"open","ping_status":"open","sticky":false,"template":"","format":"standard","meta":{"footnotes":""},"categories":[39],"tags":[],"_links":{"self":[{"href":"https:\/\/obscom.intervozes.org.br\/index.php?rest_route=\/wp\/v2\/posts\/22762"}],"collection":[{"href":"https:\/\/obscom.intervozes.org.br\/index.php?rest_route=\/wp\/v2\/posts"}],"about":[{"href":"https:\/\/obscom.intervozes.org.br\/index.php?rest_route=\/wp\/v2\/types\/post"}],"author":[{"embeddable":true,"href":"https:\/\/obscom.intervozes.org.br\/index.php?rest_route=\/wp\/v2\/users\/1"}],"replies":[{"embeddable":true,"href":"https:\/\/obscom.intervozes.org.br\/index.php?rest_route=%2Fwp%2Fv2%2Fcomments&post=22762"}],"version-history":[{"count":0,"href":"https:\/\/obscom.intervozes.org.br\/index.php?rest_route=\/wp\/v2\/posts\/22762\/revisions"}],"wp:attachment":[{"href":"https:\/\/obscom.intervozes.org.br\/index.php?rest_route=%2Fwp%2Fv2%2Fmedia&parent=22762"}],"wp:term":[{"taxonomy":"category","embeddable":true,"href":"https:\/\/obscom.intervozes.org.br\/index.php?rest_route=%2Fwp%2Fv2%2Fcategories&post=22762"},{"taxonomy":"post_tag","embeddable":true,"href":"https:\/\/obscom.intervozes.org.br\/index.php?rest_route=%2Fwp%2Fv2%2Ftags&post=22762"}],"curies":[{"name":"wp","href":"https:\/\/api.w.org\/{rel}","templated":true}]}}