{"id":22750,"date":"2009-05-11T11:34:04","date_gmt":"2009-05-11T11:34:04","guid":{"rendered":"https:\/\/obscom.intervozes.org.br\/wordpress\/?p=22750"},"modified":"2009-05-11T11:34:04","modified_gmt":"2009-05-11T11:34:04","slug":"conselho-curador-fara-audiencia-para-fazer-balanco-da-implantacao-da-tv-brasil","status":"publish","type":"post","link":"https:\/\/obscom.intervozes.org.br\/?p=22750","title":{"rendered":"Conselho Curador far\u00e1 audi\u00eancia para fazer balan\u00e7o da implanta\u00e7\u00e3o da TV Brasil"},"content":{"rendered":"<p>Mais de 15 meses ap&oacute;s sua instala&ccedil;&atilde;o, o Conselho Curador da Empresa Brasil de Comunica&ccedil;&atilde;o (EBC) enfim aprovou, na &uacute;ltima quinta-feira (7), a realiza&ccedil;&atilde;o da primeira audi&ecirc;ncia p&uacute;blica sobre a empresa. O encontro ocorrer&aacute; no dia 9 de julho e ter&aacute; como pauta a avalia&ccedil;&atilde;o da implanta&ccedil;&atilde;o do projeto da TV Brasil at&eacute; o presente momento e os desafios &agrave; sua consolida&ccedil;&atilde;o. <\/p>\n<p>&ldquo;A primeira audi&ecirc;ncia servir&aacute; para discutirmos o papel da TV p&uacute;blica, um tema  mais geral. Depois, em outras audi&ecirc;ncias, iremos tratar de temas mais  espec&iacute;ficos&rdquo;, afirmou. O representante dos trabalhadores da empresa no Conselho, Lourival Macedo, espera que a audi&ecirc;ncia possa ser representativa e envolver os mais variados segmentos da sociedade. <em><\/p>\n<p>Com informa&ccedil;&otilde;es da Ag&ecirc;ncia Brasil.<\/em>  <\/p>\n","protected":false},"excerpt":{"rendered":"<p>Mais de 15 meses ap&oacute;s sua instala&ccedil;&atilde;o, o Conselho Curador da Empresa Brasil de Comunica&ccedil;&atilde;o (EBC) enfim aprovou, na &uacute;ltima quinta-feira (7), a realiza&ccedil;&atilde;o da primeira audi&ecirc;ncia p&uacute;blica sobre a empresa. O encontro ocorrer&aacute; no dia 9 de julho e ter&aacute; como pauta a avalia&ccedil;&atilde;o da implanta&ccedil;&atilde;o do projeto da TV Brasil at&eacute; o presente &hellip; <a href=\"https:\/\/obscom.intervozes.org.br\/?p=22750\" class=\"more-link\">Continue lendo <span class=\"screen-reader-text\">Conselho Curador far\u00e1 audi\u00eancia para fazer balan\u00e7o da implanta\u00e7\u00e3o da TV Brasil<\/span> <span class=\"meta-nav\">&rarr;<\/span><\/a><\/p>\n","protected":false},"author":1,"featured_media":0,"comment_status":"open","ping_status":"open","sticky":false,"template":"","format":"standard","meta":{"footnotes":""},"categories":[39],"tags":[],"_links":{"self":[{"href":"https:\/\/obscom.intervozes.org.br\/index.php?rest_route=\/wp\/v2\/posts\/22750"}],"collection":[{"href":"https:\/\/obscom.intervozes.org.br\/index.php?rest_route=\/wp\/v2\/posts"}],"about":[{"href":"https:\/\/obscom.intervozes.org.br\/index.php?rest_route=\/wp\/v2\/types\/post"}],"author":[{"embeddable":true,"href":"https:\/\/obscom.intervozes.org.br\/index.php?rest_route=\/wp\/v2\/users\/1"}],"replies":[{"embeddable":true,"href":"https:\/\/obscom.intervozes.org.br\/index.php?rest_route=%2Fwp%2Fv2%2Fcomments&post=22750"}],"version-history":[{"count":0,"href":"https:\/\/obscom.intervozes.org.br\/index.php?rest_route=\/wp\/v2\/posts\/22750\/revisions"}],"wp:attachment":[{"href":"https:\/\/obscom.intervozes.org.br\/index.php?rest_route=%2Fwp%2Fv2%2Fmedia&parent=22750"}],"wp:term":[{"taxonomy":"category","embeddable":true,"href":"https:\/\/obscom.intervozes.org.br\/index.php?rest_route=%2Fwp%2Fv2%2Fcategories&post=22750"},{"taxonomy":"post_tag","embeddable":true,"href":"https:\/\/obscom.intervozes.org.br\/index.php?rest_route=%2Fwp%2Fv2%2Ftags&post=22750"}],"curies":[{"name":"wp","href":"https:\/\/api.w.org\/{rel}","templated":true}]}}