{"id":22749,"date":"2009-05-11T11:14:41","date_gmt":"2009-05-11T11:14:41","guid":{"rendered":"https:\/\/obscom.intervozes.org.br\/wordpress\/?p=22749"},"modified":"2009-05-11T11:14:41","modified_gmt":"2009-05-11T11:14:41","slug":"tvs-reagem-a-proibicao-da-multiprogramacao","status":"publish","type":"post","link":"https:\/\/obscom.intervozes.org.br\/?p=22749","title":{"rendered":"TVs reagem \u00e0 proibi\u00e7\u00e3o da multiprograma\u00e7\u00e3o"},"content":{"rendered":"<p><span class=\"padrao\">&quot;Proibir o uso da multiprograma&ccedil;&atilde;o (ou multicasting) &eacute; algo que me parece estapaf&uacute;rdio, pois cabe a cada emissora decidir sobre a conveni&ecirc;ncia ou n&atilde;o de usar esse recurso. N&atilde;o h&aacute; raz&atilde;o nem sentido para adotarmos a nova tecnologia digital se n&atilde;o pudermos usar livremente uma de suas vantagens principais.&quot; Assim reage Johnny Saad, presidente da Associa&ccedil;&atilde;o Brasileira de Radiodifusores (Abra) e da TV Bandeirantes (Band), diante da portaria do Minist&eacute;rio das Comunica&ccedil;&otilde;es que proibiu o uso da multiprograma&ccedil;&atilde;o pelas emissoras comerciais em suas transmiss&otilde;es de TV digital. <\/p>\n<p>Em entrevista ao Estad&atilde;o, Saad manifesta sua discord&acirc;ncia em rela&ccedil;&atilde;o &agrave; decis&atilde;o ministerial bem como &quot;&agrave; posi&ccedil;&atilde;o da outra entidade&quot; &#8211; a Associa&ccedil;&atilde;o Brasileira de Emissoras de R&aacute;dio e TV (Abert) &#8211; que apoia a proibi&ccedil;&atilde;o do multicasting. Mesmo a TV Record, filiada &agrave; Abert, discorda da proibi&ccedil;&atilde;o. Segundo seu presidente, Alexandre Raposo, &quot;proibir a multiprograma&ccedil;&atilde;o &eacute; uma medida injustific&aacute;vel, j&aacute; que a tecnologia escolhida pelo Brasil tem como uma de suas principais caracter&iacute;sticas o multicasting. A decis&atilde;o de us&aacute;-lo, ou n&atilde;o, deve ser de exclusiva responsabilidade de cada emissora.&quot; <\/p>\n<p> <strong>Medida ilegal<\/strong><\/p>\n<p> A Abra prepara a&ccedil;&atilde;o judicial contra a proibi&ccedil;&atilde;o, por consider&aacute;-la ilegal, segundo afirma Walter Ceneviva, vice-presidente executivo da entidade e especialista em Direito da Radiodifus&atilde;o. Para ele, &quot;n&atilde;o h&aacute; nada na legisla&ccedil;&atilde;o que regulamentou a TV digital no Brasil que autorize o Minist&eacute;rio das Comunica&ccedil;&otilde;es a editar uma portaria ou norma com o objetivo de permitir ou restringir o uso da multiprograma&ccedil;&atilde;o&quot;. Ceneviva lembra que ela foi uma das vantagens em que se apoiou o governo para escolher a tecnologia de TV digital adotada pelo Brasil. A multiprograma&ccedil;&atilde;o possibilita a transmiss&atilde;o de at&eacute; 4 programas em defini&ccedil;&atilde;o padr&atilde;o (standard definition ou SD) de TV digital no mesmo canal de frequ&ecirc;ncia de 6 Megahertz (MHz), em que se transmite um programa de alta defini&ccedil;&atilde;o (high definition ou HD). Mas, &eacute; claro, nenhuma emissora seria obrigada a utilizar o recurso. <\/p>\n<p>Johnny Saad diz que as emissoras n&atilde;o foram ouvidas sobre o tema. Para ele, a alegada necessidade de testes para saber se a multiprograma&ccedil;&atilde;o &eacute; vantajosa ou n&atilde;o para o Pa&iacute;s, &quot;n&atilde;o passa de uma bobagem&quot;. E argumenta que a norma impede ainda outra vantagem do multicasting, que &eacute; a mobilidade, uma vez que as redes de TVs comerciais tinham e ainda t&ecirc;m projetos para implanta&ccedil;&atilde;o, por exemplo, de canais com programa&ccedil;&atilde;o espec&iacute;fica para televis&otilde;es digitais port&aacute;teis e para celulares. <\/p>\n<p>A proibi&ccedil;&atilde;o fecha tamb&eacute;m as portas para novas formas de TV por assinatura que poderiam utilizar esse recurso da multiprograma&ccedil;&atilde;o. Saad menciona a CNN, o Discovery Channel e o HBO, como exemplos de emissoras que, nos &uacute;ltimos 25 anos, nasceram da TV por assinatura &#8211; e n&atilde;o da TV aberta, dada a fragilidade do modelo de neg&oacute;cios baseado exclusivamente em receitas de publicidade: &quot;Temos que enfrentar esse desafio, pois a TV paga est&aacute; praticamente sem legisla&ccedil;&atilde;o e sem canais nacionais em n&uacute;mero m&iacute;nimo&quot;. <\/p>\n<p><strong>Cultura autorizada<\/strong><\/p>\n<p>O ministro das Comunica&ccedil;&otilde;es, H&eacute;lio Costa, voltou atr&aacute;s na proibi&ccedil;&atilde;o imposta &agrave; TV Cultura quanto ao uso da multiprograma&ccedil;&atilde;o e autorizou na quarta-feira passada a Funda&ccedil;&atilde;o Padre Anchieta, entidade respons&aacute;vel pela emissora p&uacute;blica paulista, a usar o recurso do multicasting &quot;em car&aacute;ter cient&iacute;fico e experimental&quot; em seu canal digital. <\/p>\n<p>A norma geral expedida em mar&ccedil;o pelo Minist&eacute;rio das Comunica&ccedil;&otilde;es s&oacute; autoriza o uso da multiprograma&ccedil;&atilde;o pelas emissoras p&uacute;blicas federais. Todas as demais emissoras, comerciais ou mesmo as p&uacute;blicas estaduais, como a TV Cultura, foram proibidas de usar o recurso do multicasting, raz&atilde;o por que o Minist&eacute;rio das Comunica&ccedil;&otilde;es obrigou a TV Cultura a tirar do ar seus dois novos subcanais em standard definition. Um deles era o da Univesp, com programas culturais do tipo universidade aberta, e o outro, o Multicultura, para programas de elevado n&iacute;vel cultural. <\/p>\n<p>O minist&eacute;rio voltou atr&aacute;s na semana passada, mas imp&ocirc;s todas as limita&ccedil;&otilde;es e restri&ccedil;&otilde;es poss&iacute;veis &agrave; multiprograma&ccedil;&atilde;o da TV Cultura, autorizada a utilizar esse recurso em car&aacute;ter experimental, nos limites do artigo 13 do decreto-lei 236, de fevereiro de 1967, legisla&ccedil;&atilde;o t&iacute;pica da ditadura. Al&eacute;m de proibir qualquer publicidade comercial ou institucional o decreto-lei 236 define a televis&atilde;o educativa como aquela que se destina &quot;&agrave; divulga&ccedil;&atilde;o de programas educacionais, mediante a transmiss&atilde;o de aulas, confer&ecirc;ncias, palestras e debates&quot;. Nos limites desse conceito, se a TV transmitir uma Olimp&iacute;ada ou uma partida de futebol poder&aacute; ser punida por atividade &quot;irregular e ilegal&quot;. <\/p>\n<p>Outro ponto pol&ecirc;mico no despacho do ministro H&eacute;lio Costa &eacute; o que autoriza a TV Cultura a &quot;testar a transmiss&atilde;o de sinais de radiodifus&atilde;o de sons e imagens, com multiprograma&ccedil;&atilde;o exclusivamente educativa na localidade de S&atilde;o Paulo&quot;. Como ser&aacute; poss&iacute;vel &agrave; TV Cultura limitar-se &agrave; &quot;localidade de S&atilde;o Paulo&quot; e evitar que suas ondas eletromagn&eacute;ticas cubram tamb&eacute;m as demais cidades da regi&atilde;o metropolitana?<\/span>  <\/p>\n","protected":false},"excerpt":{"rendered":"<p>&quot;Proibir o uso da multiprograma&ccedil;&atilde;o (ou multicasting) &eacute; algo que me parece estapaf&uacute;rdio, pois cabe a cada emissora decidir sobre a conveni&ecirc;ncia ou n&atilde;o de usar esse recurso. N&atilde;o h&aacute; raz&atilde;o nem sentido para adotarmos a nova tecnologia digital se n&atilde;o pudermos usar livremente uma de suas vantagens principais.&quot; Assim reage Johnny Saad, presidente da &hellip; <a href=\"https:\/\/obscom.intervozes.org.br\/?p=22749\" class=\"more-link\">Continue lendo <span class=\"screen-reader-text\">TVs reagem \u00e0 proibi\u00e7\u00e3o da multiprograma\u00e7\u00e3o<\/span> <span class=\"meta-nav\">&rarr;<\/span><\/a><\/p>\n","protected":false},"author":1,"featured_media":0,"comment_status":"open","ping_status":"open","sticky":false,"template":"","format":"standard","meta":{"footnotes":""},"categories":[40],"tags":[79],"_links":{"self":[{"href":"https:\/\/obscom.intervozes.org.br\/index.php?rest_route=\/wp\/v2\/posts\/22749"}],"collection":[{"href":"https:\/\/obscom.intervozes.org.br\/index.php?rest_route=\/wp\/v2\/posts"}],"about":[{"href":"https:\/\/obscom.intervozes.org.br\/index.php?rest_route=\/wp\/v2\/types\/post"}],"author":[{"embeddable":true,"href":"https:\/\/obscom.intervozes.org.br\/index.php?rest_route=\/wp\/v2\/users\/1"}],"replies":[{"embeddable":true,"href":"https:\/\/obscom.intervozes.org.br\/index.php?rest_route=%2Fwp%2Fv2%2Fcomments&post=22749"}],"version-history":[{"count":0,"href":"https:\/\/obscom.intervozes.org.br\/index.php?rest_route=\/wp\/v2\/posts\/22749\/revisions"}],"wp:attachment":[{"href":"https:\/\/obscom.intervozes.org.br\/index.php?rest_route=%2Fwp%2Fv2%2Fmedia&parent=22749"}],"wp:term":[{"taxonomy":"category","embeddable":true,"href":"https:\/\/obscom.intervozes.org.br\/index.php?rest_route=%2Fwp%2Fv2%2Fcategories&post=22749"},{"taxonomy":"post_tag","embeddable":true,"href":"https:\/\/obscom.intervozes.org.br\/index.php?rest_route=%2Fwp%2Fv2%2Ftags&post=22749"}],"curies":[{"name":"wp","href":"https:\/\/api.w.org\/{rel}","templated":true}]}}