{"id":22731,"date":"2009-05-06T13:04:31","date_gmt":"2009-05-06T13:04:31","guid":{"rendered":"https:\/\/obscom.intervozes.org.br\/wordpress\/?p=22731"},"modified":"2009-05-06T13:04:31","modified_gmt":"2009-05-06T13:04:31","slug":"limites-no-modelo-de-gestao-da-tv-brasil","status":"publish","type":"post","link":"https:\/\/obscom.intervozes.org.br\/?p=22731","title":{"rendered":"Limites no modelo de gest\u00e3o da TV Brasil"},"content":{"rendered":"<p class=\"padrao\"><em>Com apenas um ano e meio da vida, a rede p&uacute;blica de televis&atilde;o criada pelo governo federal j&aacute; se meteu em um bocado de confus&otilde;es. A cada diretor ou funcion&aacute;rio demitido, farpas s&atilde;o trocadas nos jornais e o modelo de administra&ccedil;&atilde;o da Empresa Brasileira de Comunica&ccedil;&atilde;o (EBC), que congrega a TV Brasil, &eacute; colocado em xeque.<\/p>\n<p>Em entrevista ao colunista Daniel Castro, publicada hoje (28\/4) na Folha de S. Paulo, o diretor de programa&ccedil;&atilde;o Leopoldo Nunes, demitido do cargo, ataca de frente a presidente da TV Brasil, Tereza Cruvinel. Nunes acusa Cruvinel de ter &ldquo;rasgado&rdquo; 100 milh&otilde;es de reais, de ser autorit&aacute;ria e n&atilde;o ter compromisso com o projeto da tev&ecirc; p&uacute;blica. <\/p>\n<p>Para falar sobre o assunto, procurei, na manh&atilde; de hoje (28), Diogo Moys&eacute;s, membro do coletivo Intervozes, um dos mais ativos espa&ccedil;os de discuss&otilde;es sobre a comunica&ccedil;&atilde;o no Brasil.<\/p>\n<p>Leia a seguir a entrevista:<\/em><strong><\/p>\n<p>A TV Brasil, mais uma vez, aparece no notici&aacute;rio por causa de desaven&ccedil;as internas. Isso n&atilde;o refor&ccedil;a a imagem da emissora como um espa&ccedil;o mais de pol&iacute;tica que de produ&ccedil;&atilde;o de conte&uacute;do?<\/strong><\/p>\n<p>Em qualquer projeto dessa natureza, diverg&ecirc;ncias s&atilde;o saud&aacute;veis. A EBC, para que seja bem sucedida na tarefa de liderar a constru&ccedil;&atilde;o de um sistema p&uacute;blico de comunica&ccedil;&atilde;o, precisa ser objeto de reflex&atilde;o permanente. A quest&atilde;o est&aacute; na forma como essas diverg&ecirc;ncias aparecem e como s&atilde;o, digamos, superadas. Acho que chamar a presidente da empresa de m&aacute; gestora n&atilde;o adianta muita coisa. Aumenta a tens&atilde;o, mas politiza pouco o debate. O conselho curador &eacute; que deveria funcionar como o locus de discuss&atilde;o sobre essas quest&otilde;es.<strong><\/p>\n<p>Mas o Conselho funciona?<\/strong><\/p>\n<p>Est&aacute; evidente que a op&ccedil;&atilde;o por um conselho nomeado pelo Presidente da Rep&uacute;blica foi pra l&aacute; de equivocada. O conselho &eacute; manso, passivo, somente reativo, exatamente o inverso do que deveria ser. E isso n&atilde;o &eacute; culpa dos conselheiros, pois eles n&atilde;o poderiam recusar o convite do Presidente, mas sim do modelo de gest&atilde;o. Aposto contigo que mais da metade dos conselheiros n&atilde;o assiste a TV Brasil ou acessa a Ag&ecirc;ncia Brasil. O fato de tr&ecirc;s deles terem pedido &ldquo;demiss&atilde;o&rdquo; por falta de &ldquo;tempo&rdquo; para ir &agrave;s reuni&otilde;es tamb&eacute;m &eacute; bastante simb&oacute;lico. <\/p>\n<p>O pr&oacute;prio presidente do conselho (o economista Luiz Gonzaga Belluzzo), apesar da respeitabilidade que possui, n&atilde;o parece&nbsp;ter se&nbsp;concentrado realmente nesta fun&ccedil;&atilde;o. Agora que &eacute; presidente do Palmeiras, certamente tem a EBC como prioridade secund&aacute;ria. Isso n&atilde;o &eacute; um julgamento do Belluzzo, mas uma constata&ccedil;&atilde;o necess&aacute;ria. Se o presidente do conselho n&atilde;o respira a EBC, quem &eacute; que vai fazer isso? H&aacute; ainda um entendimento equivocado sobre o que deve ser o conselho. J&aacute; ouvimos mais de uma vez que&nbsp;ele deve somente zelar por eventuais desvios pol&iacute;ticos.&nbsp;O conselho&nbsp;precisa ser muito mais do que isso. Deve ajudar a formular os caminhos a serem trilhados pela EBC.<strong><br \/><\/strong><strong><br \/>O Intervozes sempre foi favor&aacute;vel &agrave; tev&ecirc; p&uacute;blica. Mas, quando a TV Brasil surgiu, voc&ecirc;s j&aacute; tinham algumas cr&iacute;ticas ao modelo. O que estava errado, de sa&iacute;da?<\/strong><\/p>\n<p>O erro mais grave foi certamente&nbsp;em rela&ccedil;&atilde;o ao&nbsp;modelo de gest&atilde;o, no qual tanto a diretoria-executiva quanto o conselho curador s&atilde;o indicados pelo presidente da Rep&uacute;blica. N&atilde;o foram estabelecidos mecanismos que permitam que a sociedade, de fato, participe da constru&ccedil;&atilde;o da EBC. &Eacute; preciso que o governo assuma o erro que cometeu em rela&ccedil;&atilde;o a&nbsp;essa quest&atilde;o e&nbsp;reformule o modelo urgentemente, sob o risco de o projeto perder legitimidade. E, sem legitimidade,&nbsp;n&atilde;o h&aacute;&nbsp;como consolidar um sistema p&uacute;blico de comunica&ccedil;&atilde;o. As experi&ecirc;ncias internacionais s&atilde;o a maior prova disso. O equ&iacute;voco, vale dizer, n&atilde;o foi da dire&ccedil;&atilde;o da empresa, apesar da Tereza ter assumido a defesa do atual modelo quando&nbsp;foi preciso aprovar a Medida Provis&oacute;ria que criou a EBC, mas a mesma [a dire&ccedil;&atilde;o da EBC] pode e deve ajudar a reform&aacute;-lo.<strong><\/p>\n<p>Depois de um ano e meio, voc&ecirc; acha que a TV Brasil teve, de fato, alguma utilidade? Quais s&atilde;o pontos fortes e seus pontos fracos?<\/strong><\/p>\n<p>Um ano e meio &eacute; pouco tempo para avaliar se o projeto ser&aacute; ou n&atilde;o bem sucedido. O que &eacute; poss&iacute;vel dizer &eacute; que a EBC n&atilde;o &eacute; hoje um projeto de Estado, vigoroso, com potencial para ser uma real alternativa &agrave; comunica&ccedil;&atilde;o comercial. H&aacute; certamente pontos positivos, como a institui&ccedil;&atilde;o de um operador de rede para o conjunto das emissoras p&uacute;blicas e estatais, e a forma&ccedil;&atilde;o de uma rede nacional descentralizada, mas tudo parece t&iacute;mido em rela&ccedil;&atilde;o ao tamanho dos desafios que temos que enfrentar no campo da comunica&ccedil;&atilde;o p&uacute;blica.<strong><\/p>\n<p>Te parecem claros os par&acirc;metros editoriais da emissora?<\/strong><\/p>\n<p>Olha, devo ser um dos poucos que assiste o principal jornal da TV Brasil. Fa&ccedil;o isso pelo menos tr&ecirc;s vezes por semana e assumo que ainda n&atilde;o entendi direito que tipo de jornalismo se pretende praticar. Isso n&atilde;o significa que o jornalismo da emissora seja viciado ou chapa-branca. Mas&nbsp;tamb&eacute;m n&atilde;o adianta fazer um jornalismo &quot;correto&quot;. &Eacute; preciso que&nbsp;o jornalismo&nbsp;p&uacute;blico ajude o Brasil a refletir sobre si mesmo, que seja transformador, sem ser panflet&aacute;rio, evidentemente. Em rela&ccedil;&atilde;o ao conjunto da obra, &eacute; preciso considerar que a constru&ccedil;&atilde;o de uma grade de programa&ccedil;&atilde;o &eacute; um processo dif&iacute;cil, penoso, que leva algum tempo.<strong><\/p>\n<p>Na era da Internet, ainda tem sentido imaginar uma tev&ecirc; nos moldes da TV Brasil como alternativa &agrave; Globo e &agrave; Record? N&atilde;o estariam todas repetindo um modelo esgotado?<\/strong><\/p>\n<p>Sim e n&atilde;o. Sim, se a TV Brasil pautar-se pelos mesmos princ&iacute;pios das emissoras comerciais ou se limitar sua atua&ccedil;&atilde;o &agrave; televis&atilde;o. Mas, mesmo no s&eacute;culo XXI, n&atilde;o &eacute; poss&iacute;vel dizer que a televis&atilde;o p&uacute;blica &eacute; algo dispens&aacute;vel para a constru&ccedil;&atilde;o da democracia brasileira e para a garantia da diversidade cultural. A tev&ecirc; continua sendo o meio de comunica&ccedil;&atilde;o mais relevante do pa&iacute;s, de longe com a maior penetra&ccedil;&atilde;o. Mas acho que ningu&eacute;m mais defende que a EBC atue somente na televis&atilde;o. O grande desafio &eacute; construir uma ou mais emissoras de TV e r&aacute;dio relevantes e, simultaneamente, promover a comunica&ccedil;&atilde;o p&uacute;blica no mundo digital.<strong><\/p>\n<p>Voc&ecirc; acha que, nas pr&oacute;ximas elei&ccedil;&otilde;es, a TV Cultura e TV Brasil ser&atilde;o realmente importantes para PSDB e PT, respectivamente?<\/strong><\/p>\n<p>Acho que n&atilde;o. A TV Cultura est&aacute; com o jornalismo cada vez mais esvaziado. A tend&ecirc;ncia &eacute; que evite cr&iacute;ticas ao Serra, coisa que j&aacute; &eacute; evidente hoje, mas n&atilde;o acho que isso ser&aacute; decisivo nas pr&oacute;ximas elei&ccedil;&otilde;es paulistas. J&aacute; a TV Brasil ainda &eacute; um projeto em constru&ccedil;&atilde;o e, exatamente por isso, h&aacute; um cuidado muito maior com a cobertura jornal&iacute;stica. Para afundar o projeto da EBC bastaria que, nas elei&ccedil;&otilde;es, a cobertura se tornasse chapa-branca. N&atilde;o acho que isso ir&aacute; acontecer.<\/p>\n<p><em>Entrevista originalmente publicada em 28 de abril de 2009 no Blog Babel [<a href=\"http:\/\/anapaulasousa.blog.terra.com.br\/2009\/04\/28\/a-teve-criada-por-lula-vive-nova-turbulencia\/\">veja aqui<\/a>].<\/em> <\/p>\n","protected":false},"excerpt":{"rendered":"<p>Ativista defende maior abertura \u00e0 participa\u00e7\u00e3o popular na gest\u00e3o da EBC<\/p>\n","protected":false},"author":1,"featured_media":0,"comment_status":"open","ping_status":"open","sticky":false,"template":"","format":"standard","meta":{"footnotes":""},"categories":[43],"tags":[1020],"_links":{"self":[{"href":"https:\/\/obscom.intervozes.org.br\/index.php?rest_route=\/wp\/v2\/posts\/22731"}],"collection":[{"href":"https:\/\/obscom.intervozes.org.br\/index.php?rest_route=\/wp\/v2\/posts"}],"about":[{"href":"https:\/\/obscom.intervozes.org.br\/index.php?rest_route=\/wp\/v2\/types\/post"}],"author":[{"embeddable":true,"href":"https:\/\/obscom.intervozes.org.br\/index.php?rest_route=\/wp\/v2\/users\/1"}],"replies":[{"embeddable":true,"href":"https:\/\/obscom.intervozes.org.br\/index.php?rest_route=%2Fwp%2Fv2%2Fcomments&post=22731"}],"version-history":[{"count":0,"href":"https:\/\/obscom.intervozes.org.br\/index.php?rest_route=\/wp\/v2\/posts\/22731\/revisions"}],"wp:attachment":[{"href":"https:\/\/obscom.intervozes.org.br\/index.php?rest_route=%2Fwp%2Fv2%2Fmedia&parent=22731"}],"wp:term":[{"taxonomy":"category","embeddable":true,"href":"https:\/\/obscom.intervozes.org.br\/index.php?rest_route=%2Fwp%2Fv2%2Fcategories&post=22731"},{"taxonomy":"post_tag","embeddable":true,"href":"https:\/\/obscom.intervozes.org.br\/index.php?rest_route=%2Fwp%2Fv2%2Ftags&post=22731"}],"curies":[{"name":"wp","href":"https:\/\/api.w.org\/{rel}","templated":true}]}}