{"id":22716,"date":"2009-05-04T13:28:18","date_gmt":"2009-05-04T13:28:18","guid":{"rendered":"https:\/\/obscom.intervozes.org.br\/wordpress\/?p=22716"},"modified":"2009-05-04T13:28:18","modified_gmt":"2009-05-04T13:28:18","slug":"mp-quer-revogacao-imediata-da-liminar-da-abta-que-permite-a-cobranca-do-ponto-extra","status":"publish","type":"post","link":"https:\/\/obscom.intervozes.org.br\/?p=22716","title":{"rendered":"MP quer revoga\u00e7\u00e3o imediata da liminar da ABTA que permite a cobran\u00e7a do ponto extra"},"content":{"rendered":"<p><u><strong>Reproduzido do Telecom Online<\/strong><\/u><\/p>\n<p>O Minist&eacute;rio P&uacute;blico P&uacute;blico Federal no Distrito Federal quer a revoga&ccedil;&atilde;o imediata da liminar conseguida pela Associa&ccedil;&atilde;o Brasileira de Televis&atilde;o por Assinatura (ABTA) a favor da cobran&ccedil;a pelo ponto extra. O &oacute;rg&atilde;o entrou na Justi&ccedil;a na quarta-feira, 29, com a solicita&ccedil;&atilde;o, alegando que a liminar n&atilde;o pode servir de desculpa para que as empresas descumpram a regulamenta&ccedil;&atilde;o vigente.&nbsp; <\/p>\n<p>O MP entende que a liminar n&atilde;o tem mais respaldo legal e sustenta que a Resolu&ccedil;&atilde;o 528\/2009, publicada em 22 de abril pela Anatel com as novas regras para o ponto extra, tem vig&ecirc;ncia imediata e deve repercutir automaticamente nas pr&aacute;ticas adotadas pelas empresas. Para o MP, a liminar da ABTA refere-se a outra resolu&ccedil;&atilde;o da Anatel (Resolu&ccedil;&atilde;o 488\/2007), j&aacute; revista pela pr&oacute;pria ag&ecirc;ncia reguladora. &ldquo;Uma vez que o objeto da a&ccedil;&atilde;o deixou de existir, a liminar perde sua validade&rdquo;, argumenta o MPF, que atua como fiscal da lei no processo.<\/p>\n","protected":false},"excerpt":{"rendered":"<p>Reproduzido do Telecom Online O Minist&eacute;rio P&uacute;blico P&uacute;blico Federal no Distrito Federal quer a revoga&ccedil;&atilde;o imediata da liminar conseguida pela Associa&ccedil;&atilde;o Brasileira de Televis&atilde;o por Assinatura (ABTA) a favor da cobran&ccedil;a pelo ponto extra. O &oacute;rg&atilde;o entrou na Justi&ccedil;a na quarta-feira, 29, com a solicita&ccedil;&atilde;o, alegando que a liminar n&atilde;o pode servir de desculpa para &hellip; <a href=\"https:\/\/obscom.intervozes.org.br\/?p=22716\" class=\"more-link\">Continue lendo <span class=\"screen-reader-text\">MP quer revoga\u00e7\u00e3o imediata da liminar da ABTA que permite a cobran\u00e7a do ponto extra<\/span> <span class=\"meta-nav\">&rarr;<\/span><\/a><\/p>\n","protected":false},"author":1,"featured_media":0,"comment_status":"open","ping_status":"open","sticky":false,"template":"","format":"standard","meta":{"footnotes":""},"categories":[39],"tags":[],"_links":{"self":[{"href":"https:\/\/obscom.intervozes.org.br\/index.php?rest_route=\/wp\/v2\/posts\/22716"}],"collection":[{"href":"https:\/\/obscom.intervozes.org.br\/index.php?rest_route=\/wp\/v2\/posts"}],"about":[{"href":"https:\/\/obscom.intervozes.org.br\/index.php?rest_route=\/wp\/v2\/types\/post"}],"author":[{"embeddable":true,"href":"https:\/\/obscom.intervozes.org.br\/index.php?rest_route=\/wp\/v2\/users\/1"}],"replies":[{"embeddable":true,"href":"https:\/\/obscom.intervozes.org.br\/index.php?rest_route=%2Fwp%2Fv2%2Fcomments&post=22716"}],"version-history":[{"count":0,"href":"https:\/\/obscom.intervozes.org.br\/index.php?rest_route=\/wp\/v2\/posts\/22716\/revisions"}],"wp:attachment":[{"href":"https:\/\/obscom.intervozes.org.br\/index.php?rest_route=%2Fwp%2Fv2%2Fmedia&parent=22716"}],"wp:term":[{"taxonomy":"category","embeddable":true,"href":"https:\/\/obscom.intervozes.org.br\/index.php?rest_route=%2Fwp%2Fv2%2Fcategories&post=22716"},{"taxonomy":"post_tag","embeddable":true,"href":"https:\/\/obscom.intervozes.org.br\/index.php?rest_route=%2Fwp%2Fv2%2Ftags&post=22716"}],"curies":[{"name":"wp","href":"https:\/\/api.w.org\/{rel}","templated":true}]}}