{"id":22710,"date":"2009-04-30T16:09:09","date_gmt":"2009-04-30T16:09:09","guid":{"rendered":"https:\/\/obscom.intervozes.org.br\/wordpress\/?p=22710"},"modified":"2009-04-30T16:09:09","modified_gmt":"2009-04-30T16:09:09","slug":"folha-de-s-paulo-da-inicio-a-mudanca-editorial","status":"publish","type":"post","link":"https:\/\/obscom.intervozes.org.br\/?p=22710","title":{"rendered":"Folha de S. Paulo d\u00e1 in\u00edcio a mudan\u00e7a editorial"},"content":{"rendered":"\n<p class=\"padrao\">Com o objetivo de dar in&iacute;cio a uma mudan&ccedil;a editorial, o diretor de reda&ccedil;&atilde;o da Folha de S. Paulo, Ot&aacute;vio Frias Filho, e a editora-executiva, Eleonora Lucena, enviaram e-mail &agrave; reda&ccedil;&atilde;o para apresentar as diretrizes que v&atilde;o &ldquo;nortear as a&ccedil;&otilde;es na produ&ccedil;&atilde;o e edi&ccedil;&atilde;o da Folha&rdquo;. O jornal ter&aacute; que trazer &ldquo;informa&ccedil;&atilde;o exclusiva&rdquo;, ampliar &ldquo;a carga de interpreta&ccedil;&atilde;o e an&aacute;lise&rdquo; e ser &ldquo;conciso e claro&rdquo;.<\/p>\n<p>&ldquo;Com esse projeto &#8211; que ser&aacute; desdobrado em v&aacute;rias medidas pr&aacute;ticas -, busca-se refor&ccedil;ar os pilares do Projeto Editorial: praticar um jornalismo plural, cr&iacute;tico, apartid&aacute;rio e independente&rdquo;, escrevem os dois na mensagem enviada na semana passada.<\/p>\n<p>Conhe&ccedil;a as diretrizes para a realiza&ccedil;&atilde;o da mudan&ccedil;a editorial:<\/p>\n<p>1. Organizar a pauta selecionando mais os assuntos e priorizando as abordagens exclusivas dos fatos de relevo. Buscar o furo como prioridade m&aacute;xima. Ter um planejamento de m&eacute;dio e longo prazo para desenvolvimento de pautas mais abrangentes;<\/p>\n<p>2. Na produ&ccedil;&atilde;o, cuidar para ampliar o n&uacute;mero de fontes, buscar o contradit&oacute;rio e sempre entender o contexto e os interesses que cercam a not&iacute;cia. N&atilde;o hesitar em pautar hist&oacute;rias que revigorem o prazer da leitura;<\/p>\n<p>3. Na elabora&ccedil;&atilde;o dos textos, trabalhar com concis&atilde;o e didatismo. Observar a necessidade de a reda&ccedil;&atilde;o ter:<br \/>a) frases e par&aacute;grafos curtos (m&aacute;ximo de 10 linhas justificadas),<br \/>b) uso de aspas apenas quando houver relev&acirc;ncia ou quando declara&ccedil;&atilde;o for curiosa;<br \/>c) emprego de n&uacute;meros e cifras com mais crit&eacute;rio, lembrando sempre de relacionar a parte e o todo,<br \/>d) preocupa&ccedil;&atilde;o com as nuances, os matizes de argumentos e fatos, fazendo relatos com fidelidade, sem tentar enquadr&aacute;-los em categorias preconcebidas,<br \/>e) a mem&oacute;ria do caso e suas inter-rela&ccedil;&otilde;es,<br \/>f) narra&ccedil;&atilde;o clara e f&aacute;cil, evitando jarg&otilde;es;<br \/>g) conex&atilde;o com a vida pr&aacute;tica dos leitores;<\/p>\n<p>4. Na edi&ccedil;&atilde;o, ter a preocupa&ccedil;&atilde;o de oferecer um produto mais compacto e integrado, sem reduzir espa&ccedil;o reservado a artes e fotos. &Eacute; necess&aacute;rio refor&ccedil;ar a hierarquia nas p&aacute;ginas. Ajuste gr&aacute;fico em curso auxiliar&aacute; nessa tarefa. &Eacute; preciso dar visibilidade ao &ldquo;outro lado&rdquo; e usar com mais frequ&ecirc;ncia recursos como:<\/p>\n<p>a) &ldquo;an&aacute;lise&rdquo;,<br \/>b) &ldquo;perguntas e respostas&rdquo; \/ &ldquo;para entender o caso&rdquo;,<br \/>c) &ldquo;quem ganha e quem perde&rdquo;,<br \/>d) &ldquo;saiba mais&rdquo;,<span class=\"padrao\"><br \/>e) &ldquo;e eu com isso?&rdquo;.<\/span><\/p>\n","protected":false},"excerpt":{"rendered":"<p>Com o objetivo de dar in&iacute;cio a uma mudan&ccedil;a editorial, o diretor de reda&ccedil;&atilde;o da Folha de S. Paulo, Ot&aacute;vio Frias Filho, e a editora-executiva, Eleonora Lucena, enviaram e-mail &agrave; reda&ccedil;&atilde;o para apresentar as diretrizes que v&atilde;o &ldquo;nortear as a&ccedil;&otilde;es na produ&ccedil;&atilde;o e edi&ccedil;&atilde;o da Folha&rdquo;. O jornal ter&aacute; que trazer &ldquo;informa&ccedil;&atilde;o exclusiva&rdquo;, ampliar &ldquo;a &hellip; <a href=\"https:\/\/obscom.intervozes.org.br\/?p=22710\" class=\"more-link\">Continue lendo <span class=\"screen-reader-text\">Folha de S. Paulo d\u00e1 in\u00edcio a mudan\u00e7a editorial<\/span> <span class=\"meta-nav\">&rarr;<\/span><\/a><\/p>\n","protected":false},"author":1,"featured_media":0,"comment_status":"open","ping_status":"open","sticky":false,"template":"","format":"standard","meta":{"footnotes":""},"categories":[40],"tags":[1019],"_links":{"self":[{"href":"https:\/\/obscom.intervozes.org.br\/index.php?rest_route=\/wp\/v2\/posts\/22710"}],"collection":[{"href":"https:\/\/obscom.intervozes.org.br\/index.php?rest_route=\/wp\/v2\/posts"}],"about":[{"href":"https:\/\/obscom.intervozes.org.br\/index.php?rest_route=\/wp\/v2\/types\/post"}],"author":[{"embeddable":true,"href":"https:\/\/obscom.intervozes.org.br\/index.php?rest_route=\/wp\/v2\/users\/1"}],"replies":[{"embeddable":true,"href":"https:\/\/obscom.intervozes.org.br\/index.php?rest_route=%2Fwp%2Fv2%2Fcomments&post=22710"}],"version-history":[{"count":0,"href":"https:\/\/obscom.intervozes.org.br\/index.php?rest_route=\/wp\/v2\/posts\/22710\/revisions"}],"wp:attachment":[{"href":"https:\/\/obscom.intervozes.org.br\/index.php?rest_route=%2Fwp%2Fv2%2Fmedia&parent=22710"}],"wp:term":[{"taxonomy":"category","embeddable":true,"href":"https:\/\/obscom.intervozes.org.br\/index.php?rest_route=%2Fwp%2Fv2%2Fcategories&post=22710"},{"taxonomy":"post_tag","embeddable":true,"href":"https:\/\/obscom.intervozes.org.br\/index.php?rest_route=%2Fwp%2Fv2%2Ftags&post=22710"}],"curies":[{"name":"wp","href":"https:\/\/api.w.org\/{rel}","templated":true}]}}