{"id":22704,"date":"2009-04-29T16:56:34","date_gmt":"2009-04-29T16:56:34","guid":{"rendered":"https:\/\/obscom.intervozes.org.br\/wordpress\/?p=22704"},"modified":"2009-04-29T16:56:34","modified_gmt":"2009-04-29T16:56:34","slug":"abril-discorda-de-posicao-da-abert-sobre-multiprogramacao","status":"publish","type":"post","link":"https:\/\/obscom.intervozes.org.br\/?p=22704","title":{"rendered":"Abril discorda de posi\u00e7\u00e3o da Abert sobre multiprograma\u00e7\u00e3o"},"content":{"rendered":"<p><span class=\"padrao\">N&atilde;o s&atilde;o apenas Band e RedeTV!, afiliadas &agrave; Abra, que est&atilde;o descontentes com a decis&atilde;o do Minist&eacute;rio das Comunica&ccedil;&otilde;es e a posi&ccedil;&atilde;o da Associa&ccedil;&atilde;o Brasileira de Emissoras de R&aacute;dio e Televis&atilde;o (Abert) em rela&ccedil;&atilde;o &agrave; multiprograma&ccedil;&atilde;o. A maior associa&ccedil;&atilde;o representativa da radiodifus&atilde;o (Abert) vem pregando abertamente a proibi&ccedil;&atilde;o da multiprograma&ccedil;&atilde;o para a TV aberta, excetuando apenas a transmiss&atilde;o para dispositivos m&oacute;veis. <\/p>\n<p>A Abra foi a primeira a se manifestar, no dia seguinte &agrave; publica&ccedil;&atilde;o de norma do Minist&eacute;rio das Comunica&ccedil;&otilde;es que pro&iacute;be a transmiss&atilde;o em multiprograma&ccedil;&atilde;o. Agora &eacute; a vez da Abril, que desautoriza a Abert a falar em nome da radiodifus&atilde;o. &quot;Eu n&atilde;o fui consultado sobre isso&quot;, diz Andr&eacute; Mantovani, diretor de canais do Grupo Abril. Ele rebate os tr&ecirc;s argumentos usados pela associa&ccedil;&atilde;o para defender o ponto de vista pol&ecirc;mico.<\/p>\n<p>Mantovani diz que, ao contr&aacute;rio do que diz a Abert, os radiodifusores nunca se comprometeram a ocupar toda a frequ&ecirc;ncia do canal digital com a alta defini&ccedil;&atilde;o. &quot;A lei fala em uso eficiente do espectro. Uso eficiente n&atilde;o &eacute;, necessariamente, alta defini&ccedil;&atilde;o&quot;, diz. Acusando ainda as transmiss&otilde;es em alta defini&ccedil;&atilde;o de elitistas, j&aacute; que a maior parte da popula&ccedil;&atilde;o n&atilde;o pode pagar por monitores em alta defini&ccedil;&atilde;o.<\/p>\n<p>Em rela&ccedil;&atilde;o ao argumento de que a Constitui&ccedil;&atilde;o pro&iacute;be a transmiss&atilde;o em mais de um canal, Mantovani diz que a Carta n&atilde;o fala em mais de um conte&uacute;do dentro do canal. &quot;O canal continua sendo apenas um&quot;, diz. &quot;Al&eacute;m disso, n&atilde;o &eacute; necess&aacute;rio fazer alta defini&ccedil;&atilde;o para preencher os 6 MHz. &Eacute; poss&iacute;vel fazer alta defini&ccedil;&atilde;o e ainda ter mais uma programa&ccedil;&atilde;o&quot;. Por fim, em rela&ccedil;&atilde;o ao modelo de neg&oacute;cios, que a Abert alega n&atilde;o haver para a explora&ccedil;&atilde;o da multiprograma&ccedil;&atilde;o, Mantovani diz que cabe a cada empresa definir o seu. &quot;Quem tiver modelo de neg&oacute;cio, que fa&ccedil;a multiprograma&ccedil;&atilde;o&quot;.<\/p>\n<p>Por fim, Andr&eacute; Mantovani diz que a pr&oacute;pria norma do Minicom &eacute; irregular. &quot;Uma norma n&atilde;o pode mudar um decreto presidencial&quot;. Para ele, o decreto que definiu que padr&atilde;o brasileiro deveria permitir, entre outros aspectos, a multiprograma&ccedil;&atilde;o, autoriza as emissoras a transmitir mais de um conte&uacute;do simultaneamente. &Eacute; por isso, segundo Mantovani, que a Abril n&atilde;o pediu autoriza&ccedil;&atilde;o para fazer as transmiss&otilde;es experimentais em multiprograma&ccedil;&atilde;o, mesmo ap&oacute;s a oferta da Minicom. &quot;N&atilde;o preciso de autoriza&ccedil;&atilde;o, a autoriza&ccedil;&atilde;o &eacute; o decreto&quot;, alega. <br \/><\/span><\/p>\n","protected":false},"excerpt":{"rendered":"<p>N&atilde;o s&atilde;o apenas Band e RedeTV!, afiliadas &agrave; Abra, que est&atilde;o descontentes com a decis&atilde;o do Minist&eacute;rio das Comunica&ccedil;&otilde;es e a posi&ccedil;&atilde;o da Associa&ccedil;&atilde;o Brasileira de Emissoras de R&aacute;dio e Televis&atilde;o (Abert) em rela&ccedil;&atilde;o &agrave; multiprograma&ccedil;&atilde;o. A maior associa&ccedil;&atilde;o representativa da radiodifus&atilde;o (Abert) vem pregando abertamente a proibi&ccedil;&atilde;o da multiprograma&ccedil;&atilde;o para a TV aberta, excetuando &hellip; <a href=\"https:\/\/obscom.intervozes.org.br\/?p=22704\" class=\"more-link\">Continue lendo <span class=\"screen-reader-text\">Abril discorda de posi\u00e7\u00e3o da Abert sobre multiprograma\u00e7\u00e3o<\/span> <span class=\"meta-nav\">&rarr;<\/span><\/a><\/p>\n","protected":false},"author":1,"featured_media":0,"comment_status":"open","ping_status":"open","sticky":false,"template":"","format":"standard","meta":{"footnotes":""},"categories":[40],"tags":[79],"_links":{"self":[{"href":"https:\/\/obscom.intervozes.org.br\/index.php?rest_route=\/wp\/v2\/posts\/22704"}],"collection":[{"href":"https:\/\/obscom.intervozes.org.br\/index.php?rest_route=\/wp\/v2\/posts"}],"about":[{"href":"https:\/\/obscom.intervozes.org.br\/index.php?rest_route=\/wp\/v2\/types\/post"}],"author":[{"embeddable":true,"href":"https:\/\/obscom.intervozes.org.br\/index.php?rest_route=\/wp\/v2\/users\/1"}],"replies":[{"embeddable":true,"href":"https:\/\/obscom.intervozes.org.br\/index.php?rest_route=%2Fwp%2Fv2%2Fcomments&post=22704"}],"version-history":[{"count":0,"href":"https:\/\/obscom.intervozes.org.br\/index.php?rest_route=\/wp\/v2\/posts\/22704\/revisions"}],"wp:attachment":[{"href":"https:\/\/obscom.intervozes.org.br\/index.php?rest_route=%2Fwp%2Fv2%2Fmedia&parent=22704"}],"wp:term":[{"taxonomy":"category","embeddable":true,"href":"https:\/\/obscom.intervozes.org.br\/index.php?rest_route=%2Fwp%2Fv2%2Fcategories&post=22704"},{"taxonomy":"post_tag","embeddable":true,"href":"https:\/\/obscom.intervozes.org.br\/index.php?rest_route=%2Fwp%2Fv2%2Ftags&post=22704"}],"curies":[{"name":"wp","href":"https:\/\/api.w.org\/{rel}","templated":true}]}}