{"id":22703,"date":"2009-04-29T16:12:11","date_gmt":"2009-04-29T16:12:11","guid":{"rendered":"https:\/\/obscom.intervozes.org.br\/wordpress\/?p=22703"},"modified":"2009-04-29T16:12:11","modified_gmt":"2009-04-29T16:12:11","slug":"governo-fara-licitacao-para-canais-de-radio-e-tv","status":"publish","type":"post","link":"https:\/\/obscom.intervozes.org.br\/?p=22703","title":{"rendered":"Governo far\u00e1 licita\u00e7\u00e3o para canais de r\u00e1dio e TV"},"content":{"rendered":"\n<p class=\"padrao\">Bras&iacute;lia &#8211; O Minist&eacute;rio das Comunica&ccedil;&otilde;es decidiu fazer ainda este ano licita&ccedil;&atilde;o para concess&atilde;o de nove outorgas de emissoras de televis&atilde;o (TV) e 55 licen&ccedil;as de r&aacute;dios FM. A data do lan&ccedil;amento do edital ainda n&atilde;o foi marcada, mas s&oacute; deve ocorrer depois do m&ecirc;s de julho, porque o minist&eacute;rio deve levar 60 dias, segundo nota oficial, para encaminhar ao Tribunal de Contas da Uni&atilde;o (TCU) os estudos de viabilidade econ&ocirc;mica das outorgas. Somente depois da aprova&ccedil;&atilde;o dos estudos pelo TCU &eacute; que a licita&ccedil;&atilde;o poder&aacute; ser lan&ccedil;ada.<\/p>\n<p>As emissoras de televis&atilde;o ser&atilde;o instaladas nas cidades de Arapiraca (AL), Irar&aacute; (BA), Mar&iacute;lia (SP), Mossor&oacute; (RN), Mucug&ecirc; (BA), Santa Quit&eacute;ria (MA), S&atilde;o Mateus (ES), Umuarama (PR), al&eacute;m da capital Aracaju.<\/p>\n<p>O Minist&eacute;rio das Comunica&ccedil;&otilde;es informou que, para selecionar as emissoras, foram observadas caracter&iacute;sticas t&eacute;cnicas e os planos b&aacute;sicos dos servi&ccedil;os de r&aacute;dio FM e de TV, que organizam as frequ&ecirc;ncias usadas para a transmiss&atilde;o dos sinais.<\/p>\n<p>As 55 emissoras de r&aacute;dio est&atilde;o em 18 Estados, incluindo S&atilde;o Paulo, nas cidades de Santa Clara do Oeste, Bilac, Santana da Ponte Pensa e Tr&ecirc;s Fronteiras. Os demais Estados que ser&atilde;o atendidos pela novas concess&otilde;es de r&aacute;dio s&atilde;o: Alagoas, Bahia, Cear&aacute;, Esp&iacute;rito Santo, Goi&aacute;s, Maranh&atilde;o, Minas Gerais, Par&aacute;, Para&iacute;ba, Pernambuco, Paran&aacute;, Rio de Janeiro, Rio Grande do Norte, Rond&ocirc;nia, Rio Grande do Sul, Santa Catarina e Sergipe. <\/p>\n","protected":false},"excerpt":{"rendered":"<p>Bras&iacute;lia &#8211; O Minist&eacute;rio das Comunica&ccedil;&otilde;es decidiu fazer ainda este ano licita&ccedil;&atilde;o para concess&atilde;o de nove outorgas de emissoras de televis&atilde;o (TV) e 55 licen&ccedil;as de r&aacute;dios FM. A data do lan&ccedil;amento do edital ainda n&atilde;o foi marcada, mas s&oacute; deve ocorrer depois do m&ecirc;s de julho, porque o minist&eacute;rio deve levar 60 dias, segundo &hellip; <a href=\"https:\/\/obscom.intervozes.org.br\/?p=22703\" class=\"more-link\">Continue lendo <span class=\"screen-reader-text\">Governo far\u00e1 licita\u00e7\u00e3o para canais de r\u00e1dio e TV<\/span> <span class=\"meta-nav\">&rarr;<\/span><\/a><\/p>\n","protected":false},"author":1,"featured_media":0,"comment_status":"open","ping_status":"open","sticky":false,"template":"","format":"standard","meta":{"footnotes":""},"categories":[40],"tags":[106],"_links":{"self":[{"href":"https:\/\/obscom.intervozes.org.br\/index.php?rest_route=\/wp\/v2\/posts\/22703"}],"collection":[{"href":"https:\/\/obscom.intervozes.org.br\/index.php?rest_route=\/wp\/v2\/posts"}],"about":[{"href":"https:\/\/obscom.intervozes.org.br\/index.php?rest_route=\/wp\/v2\/types\/post"}],"author":[{"embeddable":true,"href":"https:\/\/obscom.intervozes.org.br\/index.php?rest_route=\/wp\/v2\/users\/1"}],"replies":[{"embeddable":true,"href":"https:\/\/obscom.intervozes.org.br\/index.php?rest_route=%2Fwp%2Fv2%2Fcomments&post=22703"}],"version-history":[{"count":0,"href":"https:\/\/obscom.intervozes.org.br\/index.php?rest_route=\/wp\/v2\/posts\/22703\/revisions"}],"wp:attachment":[{"href":"https:\/\/obscom.intervozes.org.br\/index.php?rest_route=%2Fwp%2Fv2%2Fmedia&parent=22703"}],"wp:term":[{"taxonomy":"category","embeddable":true,"href":"https:\/\/obscom.intervozes.org.br\/index.php?rest_route=%2Fwp%2Fv2%2Fcategories&post=22703"},{"taxonomy":"post_tag","embeddable":true,"href":"https:\/\/obscom.intervozes.org.br\/index.php?rest_route=%2Fwp%2Fv2%2Ftags&post=22703"}],"curies":[{"name":"wp","href":"https:\/\/api.w.org\/{rel}","templated":true}]}}