{"id":22685,"date":"2009-04-24T17:37:42","date_gmt":"2009-04-24T17:37:42","guid":{"rendered":"https:\/\/obscom.intervozes.org.br\/wordpress\/?p=22685"},"modified":"2009-04-24T17:37:42","modified_gmt":"2009-04-24T17:37:42","slug":"tv-publica-compromissos-e-regulamentacao","status":"publish","type":"post","link":"https:\/\/obscom.intervozes.org.br\/?p=22685","title":{"rendered":"TV p\u00fablica: compromissos e regulamenta\u00e7\u00e3o"},"content":{"rendered":"<p><span class=\"padrao\">AS TVS p&uacute;blicas do Brasil totalizam 3.300 emissoras e retransmissoras em todo o pa&iacute;s e se preparam para dar o segundo passo em dire&ccedil;&atilde;o &agrave; sua defini&ccedil;&atilde;o de conceitos, pap&eacute;is e responsabilidades. Ser&aacute; no 2&ordm; F&oacute;rum Nacional das TVs P&uacute;blicas, em que vamos nos encontrar com nossos d&eacute;bitos e cr&eacute;ditos e assinar promiss&oacute;rias com a sociedade. No encerramento do 1&ordm; F&oacute;rum Nacional das TVs p&uacute;blicas, em maio de 2007, o presidente Lula recebeu a Carta de Bras&iacute;lia e os fundamentos do que viria a ser a EBC (Empresa Brasil de Comunica&ccedil;&atilde;o), cuja face mais vis&iacute;vel &eacute; a TV Brasil. <\/p>\n<p> Estava conclu&iacute;do, assim, o primeiro movimento para a constru&ccedil;&atilde;o do conceito da televis&atilde;o p&uacute;blica brasileira, depois de intensas e longas discuss&otilde;es entre grupos tem&aacute;ticos, reunindo especialistas e realizadores. A Carta de Bras&iacute;lia enunciou princ&iacute;pios fundadores dessa televis&atilde;o pertencente &agrave; sociedade, a ela subordinada e a ela dedicada. A lei que criou a EBC, embora limitada &agrave;s emissoras do governo federal, inaugurou tais fundamentos, h&aacute; muito consagrados entre n&oacute;s, que fazemos televis&atilde;o p&uacute;blica neste pa&iacute;s nas suas diversas especificidades. <br \/> Do ponto de vista formal, foi um salto de 1967 a 2008. &Eacute; preciso lembrar que o decreto-lei 236, de 1967, determina que as emissoras educativas existam s&oacute; para transmitir aulas, palestras e debates. Que nem sequer recebam doa&ccedil;&otilde;es, mesmo que o doador permane&ccedil;a an&ocirc;nimo. E esse decreto ainda est&aacute; em vigor. <\/p>\n<p>Portanto, temos uma pauta para cumprir para erigir uma televis&atilde;o p&uacute;blica democr&aacute;tica, plural, dedicada &agrave; forma&ccedil;&atilde;o da cidadania neste pa&iacute;s. E capaz de cumprir o estabelecido na Constitui&ccedil;&atilde;o Federal, em seus artigos 221 a 223, como n&atilde;o ocorre no segmento privado. &Eacute; por isso que, mais uma vez, o campo p&uacute;blico de televis&atilde;o, por meio de suas entidades representativas, se organiza em torno de um grande f&oacute;rum de debates. Dessa vez, o 2&ordm; F&oacute;rum Nacional das TVs P&uacute;blicas, convocado pelas entidades do setor para acontecer em maio, ser&aacute; uma inst&acirc;ncia oficial da 1&ordf; Confer&ecirc;ncia Nacional de Comunica&ccedil;&atilde;o, que o governo programa para dezembro. <\/p>\n<p>Abepec (Associa&ccedil;&atilde;o Brasileira das Emissoras P&uacute;blicas, Educativas e Culturais), ABTU (Associa&ccedil;&atilde;o Brasileira de Televis&atilde;o Universit&aacute;ria), Astral (Associa&ccedil;&atilde;o Brasileira de Televis&otilde;es e R&aacute;dios Legislativas) e ABCcom (Associa&ccedil;&atilde;o Brasileira de Canais Comunit&aacute;rios) se unem para um amplo debate das quest&otilde;es urgentes do setor, com o apoio inequ&iacute;voco e fundamental do Minist&eacute;rio da Cultura e da EBC, a grande benefici&aacute;ria do primeiro evento, e contando com a presen&ccedil;a de entes p&uacute;blicos pertinentes aos temas, especialmente o Minist&eacute;rio das Comunica&ccedil;&otilde;es e o Poder Legislativo federal. <\/p>\n<p>Ao fim do 2&ordm; f&oacute;rum, vamos nos empenhar para a implanta&ccedil;&atilde;o do que for aprovado e para entrarmos consistentes na prevista Confer&ecirc;ncia Nacional de Comunica&ccedil;&atilde;o, outro anseio inarred&aacute;vel da sociedade. H&aacute; um alinhamento de fatores que torna especial e imperd&iacute;vel essa oportunidade. Qualquer evolu&ccedil;&atilde;o nesse campo depende da qualidade da democracia em funcionamento que, evidentemente, melhorou muito nos &uacute;ltimos 40 anos. <\/p>\n<p>A implanta&ccedil;&atilde;o da transmiss&atilde;o digital terrestre, em curso, reduzir&aacute; os abismos tecnol&oacute;gicos existentes hoje entre as diversas emissoras e, na sequ&ecirc;ncia, provocar&aacute; revolu&ccedil;&otilde;es no jeito de fazer e de usar televis&atilde;o. A interatividade e a converg&ecirc;ncia de m&iacute;dias apontam para o surgimento de novas verdades e novos par&acirc;metros -acreditamos que para a constru&ccedil;&atilde;o da cidadania e do fortalecimento da educa&ccedil;&atilde;o libertadora. Por isso vamos demandar regula&ccedil;&atilde;o, para que n&atilde;o nos faltem reconhecimento jur&iacute;dico, compromissos democr&aacute;ticos e responsabilidades. <\/p>\n<p>Por isso buscamos clareza na forma de financiamento, o indispens&aacute;vel acesso &agrave; multiprograma&ccedil;&atilde;o e a cria&ccedil;&atilde;o de um instituto que se dedique &agrave; evolu&ccedil;&atilde;o da atividade. Esse 2&ordm; f&oacute;rum haver&aacute; de contribuir para que a sociedade se torne protagonista, ultrapasse a condi&ccedil;&atilde;o de meros consumidores e seja maior do que seus tutores em seus processos de reflex&atilde;o. <\/p>\n<p><em>Ant&ocirc;nio Achilils, 59, jornalista, especialista em gest&atilde;o estrat&eacute;gica da informa&ccedil;&atilde;o pela Universidade Federal de Minas Gerais, &eacute; presidente da Rede Minas e da Abepec. Cl&aacute;udio Magalh&atilde;es, 44, jornalista e professor, doutor em educa&ccedil;&atilde;o pela UFMG, &eacute; presidente da ABTU. Evelin Maciel, 40, jornalista, mestre em ci&ecirc;ncia pol&iacute;tica e especialista em regula&ccedil;&atilde;o de telecomunica&ccedil;&otilde;es pela UnB (Universidade de Bras&iacute;lia), &eacute; presidente da Astral. Edivaldo Farias, 65, bacharel em direito, juiz aposentado, &eacute; presidente da ABCcom. <\/em><\/span> <\/p>\n","protected":false},"excerpt":{"rendered":"<p>AS TVS p&uacute;blicas do Brasil totalizam 3.300 emissoras e retransmissoras em todo o pa&iacute;s e se preparam para dar o segundo passo em dire&ccedil;&atilde;o &agrave; sua defini&ccedil;&atilde;o de conceitos, pap&eacute;is e responsabilidades. Ser&aacute; no 2&ordm; F&oacute;rum Nacional das TVs P&uacute;blicas, em que vamos nos encontrar com nossos d&eacute;bitos e cr&eacute;ditos e assinar promiss&oacute;rias com a &hellip; <a href=\"https:\/\/obscom.intervozes.org.br\/?p=22685\" class=\"more-link\">Continue lendo <span class=\"screen-reader-text\">TV p\u00fablica: compromissos e regulamenta\u00e7\u00e3o<\/span> <span class=\"meta-nav\">&rarr;<\/span><\/a><\/p>\n","protected":false},"author":1,"featured_media":0,"comment_status":"open","ping_status":"open","sticky":false,"template":"","format":"standard","meta":{"footnotes":""},"categories":[42],"tags":[616],"_links":{"self":[{"href":"https:\/\/obscom.intervozes.org.br\/index.php?rest_route=\/wp\/v2\/posts\/22685"}],"collection":[{"href":"https:\/\/obscom.intervozes.org.br\/index.php?rest_route=\/wp\/v2\/posts"}],"about":[{"href":"https:\/\/obscom.intervozes.org.br\/index.php?rest_route=\/wp\/v2\/types\/post"}],"author":[{"embeddable":true,"href":"https:\/\/obscom.intervozes.org.br\/index.php?rest_route=\/wp\/v2\/users\/1"}],"replies":[{"embeddable":true,"href":"https:\/\/obscom.intervozes.org.br\/index.php?rest_route=%2Fwp%2Fv2%2Fcomments&post=22685"}],"version-history":[{"count":0,"href":"https:\/\/obscom.intervozes.org.br\/index.php?rest_route=\/wp\/v2\/posts\/22685\/revisions"}],"wp:attachment":[{"href":"https:\/\/obscom.intervozes.org.br\/index.php?rest_route=%2Fwp%2Fv2%2Fmedia&parent=22685"}],"wp:term":[{"taxonomy":"category","embeddable":true,"href":"https:\/\/obscom.intervozes.org.br\/index.php?rest_route=%2Fwp%2Fv2%2Fcategories&post=22685"},{"taxonomy":"post_tag","embeddable":true,"href":"https:\/\/obscom.intervozes.org.br\/index.php?rest_route=%2Fwp%2Fv2%2Ftags&post=22685"}],"curies":[{"name":"wp","href":"https:\/\/api.w.org\/{rel}","templated":true}]}}