{"id":22683,"date":"2009-04-23T13:15:14","date_gmt":"2009-04-23T13:15:14","guid":{"rendered":"https:\/\/obscom.intervozes.org.br\/wordpress\/?p=22683"},"modified":"2009-04-23T13:15:14","modified_gmt":"2009-04-23T13:15:14","slug":"governo-oficializa-proibicao-de-cobranca-de-ponto-extra-para-tv-a-cabo","status":"publish","type":"post","link":"https:\/\/obscom.intervozes.org.br\/?p=22683","title":{"rendered":"Governo oficializa proibi\u00e7\u00e3o de cobran\u00e7a de ponto-extra para TV a cabo"},"content":{"rendered":"\n<p><u><strong>Reoproduzido do Valor Online<\/strong><\/u><\/p>\n<p>S&Atilde;O PAULO &#8211; Mediante publica&ccedil;&atilde;o no Di&aacute;rio Oficial da Uni&atilde;o, a Ag&ecirc;ncia Nacional de Telecomunica&ccedil;&otilde;es (Anatel) regulamentou nessa quarta-feira (22) o fim da cobran&ccedil;a do ponto-extra das TVs por assinatura. De acordo com o texto publicado, a proibi&ccedil;&atilde;o se enquadra no Artigo 19 da Lei Geral de Telecomunica&ccedil;&otilde;es, que atribui &agrave; Anatel &quot;a compet&ecirc;ncia de adotar medidas necess&aacute;rias ao atendimento do interesse p&uacute;blico&quot;. Com isso, a partir de hoje as prestadoras de servi&ccedil;o de TV a cabo devem disponibilizar, sem &ocirc;nus, toda a programa&ccedil;&atilde;o do ponto principal para o ponto-extra, independente do plano contratado. S&oacute; poder&atilde;o ser cobrados os servi&ccedil;os de instala&ccedil;&atilde;o ou reparo dos aparelhos extras, desde que solicitado pelo cliente.<\/p>\n<p>De acordo com a medida, as operadoras tamb&eacute;m ter&atilde;o que substituir gratuitamente os conversores com incompatibilidade t&eacute;cnica ou que precisem ser trocados por quest&otilde;es de defasagem tecnol&oacute;gica. As empresas ainda est&atilde;o proibidas de cobrar taxas relativas &agrave; emiss&atilde;o dos boletos de cobran&ccedil;a e de utilizarem planos de fideliza&ccedil;&atilde;o com prazo superior a 12 meses.<\/p>\n<p>O fim da cobran&ccedil;a de mensalidade pelo ponto extra da TV por assinatura foi aprovado, por 3 votos a favor e dois contra, na semana passada , pela diretoria da Anatel. Mas, para a medida passar a vigorar, al&eacute;m da publica&ccedil;&atilde;o no Di&aacute;rio Oficial, a Anatel precisava derrubar liminar na Justi&ccedil;a que garantia a cobran&ccedil;a at&eacute; a decis&atilde;o do &oacute;rg&atilde;o regulador. O regulamento com as novas regras para o setor de TV paga entrou em vigor em junho de 2008. Dois artigos davam margem &agrave; interpreta&ccedil;&atilde;o d&uacute;bia sobre a possibilidade de cobrar ou n&atilde;o o ponto extra. <\/p>\n","protected":false},"excerpt":{"rendered":"<p>Reoproduzido do Valor Online S&Atilde;O PAULO &#8211; Mediante publica&ccedil;&atilde;o no Di&aacute;rio Oficial da Uni&atilde;o, a Ag&ecirc;ncia Nacional de Telecomunica&ccedil;&otilde;es (Anatel) regulamentou nessa quarta-feira (22) o fim da cobran&ccedil;a do ponto-extra das TVs por assinatura. De acordo com o texto publicado, a proibi&ccedil;&atilde;o se enquadra no Artigo 19 da Lei Geral de Telecomunica&ccedil;&otilde;es, que atribui &agrave; &hellip; <a href=\"https:\/\/obscom.intervozes.org.br\/?p=22683\" class=\"more-link\">Continue lendo <span class=\"screen-reader-text\">Governo oficializa proibi\u00e7\u00e3o de cobran\u00e7a de ponto-extra para TV a cabo<\/span> <span class=\"meta-nav\">&rarr;<\/span><\/a><\/p>\n","protected":false},"author":1,"featured_media":0,"comment_status":"open","ping_status":"open","sticky":false,"template":"","format":"standard","meta":{"footnotes":""},"categories":[39],"tags":[],"_links":{"self":[{"href":"https:\/\/obscom.intervozes.org.br\/index.php?rest_route=\/wp\/v2\/posts\/22683"}],"collection":[{"href":"https:\/\/obscom.intervozes.org.br\/index.php?rest_route=\/wp\/v2\/posts"}],"about":[{"href":"https:\/\/obscom.intervozes.org.br\/index.php?rest_route=\/wp\/v2\/types\/post"}],"author":[{"embeddable":true,"href":"https:\/\/obscom.intervozes.org.br\/index.php?rest_route=\/wp\/v2\/users\/1"}],"replies":[{"embeddable":true,"href":"https:\/\/obscom.intervozes.org.br\/index.php?rest_route=%2Fwp%2Fv2%2Fcomments&post=22683"}],"version-history":[{"count":0,"href":"https:\/\/obscom.intervozes.org.br\/index.php?rest_route=\/wp\/v2\/posts\/22683\/revisions"}],"wp:attachment":[{"href":"https:\/\/obscom.intervozes.org.br\/index.php?rest_route=%2Fwp%2Fv2%2Fmedia&parent=22683"}],"wp:term":[{"taxonomy":"category","embeddable":true,"href":"https:\/\/obscom.intervozes.org.br\/index.php?rest_route=%2Fwp%2Fv2%2Fcategories&post=22683"},{"taxonomy":"post_tag","embeddable":true,"href":"https:\/\/obscom.intervozes.org.br\/index.php?rest_route=%2Fwp%2Fv2%2Ftags&post=22683"}],"curies":[{"name":"wp","href":"https:\/\/api.w.org\/{rel}","templated":true}]}}