{"id":22679,"date":"2009-04-22T15:45:25","date_gmt":"2009-04-22T15:45:25","guid":{"rendered":"https:\/\/obscom.intervozes.org.br\/wordpress\/?p=22679"},"modified":"2009-04-22T15:45:25","modified_gmt":"2009-04-22T15:45:25","slug":"associacoes-criam-confederacao-ibero-americana-de-ciencias-da-comunicacao","status":"publish","type":"post","link":"https:\/\/obscom.intervozes.org.br\/?p=22679","title":{"rendered":"Associa\u00e7\u00f5es criam Confedera\u00e7\u00e3o Ibero-Americana de Ci\u00eancias da Comunica\u00e7\u00e3o"},"content":{"rendered":"<p><span><span>Reunidos em assembleia geral, no dia 18 de abril de 2009, os  representantes de onze entidades cient&iacute;ficas presentes ao IBERCOM 2009 &#8211; XI  Congresso Ibero-Americano de Comunica&ccedil;&atilde;o, promovido pela Associa&ccedil;&atilde;o  Ibero-Aemricana de Comunica&ccedil;&atilde;o, com o apoio da Universidade da Madeira, <span>&nbsp;<\/span>na cidade do Funchal (Ilha da Madeira,  Portugal), decidiram fundar a Confedera&ccedil;&atilde;o Ibero-Amermicana de Associa&ccedil;&otilde;es  Cient&iacute;ficas de Comunica&ccedil;&atilde;o &#8211; CIAC. <\/p>\n<p><\/span><\/span>Esta entidade tem por objetivo central &ldquo;a promo&ccedil;&atilde;o do debate e da  produ&ccedil;&atilde;o cient&iacute;fica ibero-americana no campo das Ci&ecirc;ncias da Comunica&ccedil;&atilde;o, em  termos nacionais e internacionais, tendo em vista a import&acirc;ncia das l&iacute;nguas  oficiais e culturas em que se expressam e relevando os diversos sistemas de  informa&ccedil;&atilde;o e comunica&ccedil;&atilde;o do mundo contempor&acirc;neo&rdquo;.<span><span><\/p>\n<p>A primeira diretoria, eleita com mandato de dois  anos, ser&aacute; presidida pelo professor Jos&eacute; Marques de Melo (Brasil). A diretoria  est&aacute; composta por uma executiva com mais sete membros: 1&ordm; vice-presidente,  Francisco Sierra (Espanha); 2&ordm; Vice-Presidente, Erick Torrico (Bol&iacute;via); Diretor  Acad&ecirc;mico, Mois&eacute;s Lemos Martins (Portugal); Diretor Administrativo, Elias  Machado (Brasil); Diretor Cient&iacute;fico, Lu&iacute;s Albornoz (Espanha); Diretor  Institucional, Lu&iacute;s Humberto Marcos (Portugal); e Diretor de Rela&ccedil;&otilde;es  Interdisciplinares, Rodrigo Gomez (Mexico). Foi tamb&eacute;m eleito um Conselho Fiscal  composto por tr&ecirc;s membros: Ant&oacute;nio Gomez (Bol&iacute;via), Gustavo Cimadevilla  (Argentina) e Tereza Quir&oacute;s (Peru).<\/span><\/span><span><span><\/p>\n<p>Na assembl&eacute;ia de funda&ccedil;&atilde;o estiveram  representadas entidades cient&iacute;ficas da Argentina (Federacci&oacute;n Argentina de  Carreras de Ciencias de la  Comunicaci&oacute;n &#8211;<span>&nbsp;  <\/span>FADECCOS), Bol&iacute;via (Asociaci&oacute;n Boliviana de<span>&nbsp; <\/span>Investigadores de la Comunicaci&oacute;n &#8211;<span>&nbsp; <\/span>ABOIC), Brasil (Federa&ccedil;&atilde;o Brasileira de  Associac&otilde;es Cient&iacute;ficas ou Acad&ecirc;micas de Comunicaci&oacute;n &#8211; SOCICOM, cuja delega&ccedil;&atilde;o  foi integrada pelas associa&ccedil;&otilde;es nacionais abrangentes como <span>&nbsp;<\/span>INTERCOM e COMPOS, bem como pelas entidades  <span>&nbsp;<\/span>segmentadas como ABRAPCORP, FOLKCOM e  SBPJOR), Espanha (Asociaci&oacute;n Espa&ntilde;ola de Investigaci&oacute;n de la Comunicaci&oacute;n &#8211; AE-IC),  M&eacute;xico (Asociaci&oacute;n Mexicana de Investigadores de la Comunicaci&oacute;n &#8211; AMIC) e  Portugal (Associa&ccedil;&atilde;o Portuguesa de Ci&ecirc;ncias da Comunica&ccedil;&atilde;o &#8211; SOPCOM), al&eacute;m de  associa&ccedil;&otilde;es internacionais como a Associa&ccedil;&atilde;o Ibero-Americana de Comunica&ccedil;&atilde;o &ndash;  AssIBERCOM; Asociaci&oacute;n Latinoamericana de Investigadores de la Comunicai&oacute;n &ndash; ALAIC;  <span>&nbsp;<\/span>Uni&atilde;o Latino-Americana de Economia  Pol&iacute;tica da Informa&ccedil;&atilde;o, Comunica&ccedil;&atilde;o e Cultura &#8211; <span>&nbsp;<\/span>ULEPICC, Federaci&oacute;n Latinoamericana de  Facultades de Comunicaci&oacute;n Social &#8211;<span>&nbsp;  <\/span>FELAFACS e Federa&ccedil;&atilde;o Lus&oacute;fona de Ci&ecirc;ncias da Comunica&ccedil;&atilde;o &#8211; LUSOCOM.<\/span><\/span><span><span><\/p>\n<p>Na mesma assembleia foi aprovada a  &ldquo;Carta-Programa da Madeira&rdquo; na qual se estabelecem as prioridades de atua&ccedil;&atilde;o da  entidade, em particular, para os dois primeiros anos de atividades. Esse  documento ratifica e aperfei&ccedil;oa tr&ecirc;s instrumentos anteriores &ndash; <span>&nbsp;<\/span>a Convocat&oacute;ria de Santos (Brasil, 2007), o  Protocolo de Guadalajara (Mexico, 2007) e o Acordo de Santiago (Espanha, 2008) &ndash;  que fundamentam a necessidade de criar um espa&ccedil;o institucional capaz de  potencializar a presen&ccedil;a org&acirc;nica das ci&ecirc;ncias ibero-americanas da comunica&ccedil;&atilde;o  no &acirc;mbito da comunidade cient&iacute;fica internacional.<\/span><\/span><span><span><\/p>\n<p>Ficou ainda decidido que a sede da Confedera&ccedil;&atilde;o  ficar&aacute; na cidade de S&atilde;o Paulo, Brasil, local onde ser&aacute; feito o registo jur&iacute;dico  da entidade. O Brasil vai sediar tamb&eacute;m a I Confer&ecirc;ncia Mundial de Pesquisa  em  Comunica&ccedil;&atilde;o Ibero-Americana e o I Forum Ibero-Americano de  P&oacute;s-Gradua&ccedil;&atilde;o em Ci&ecirc;ncias da Comunica&ccedil;&atilde;o, previstos para o bi&ecirc;nio 2010-2011.  <\/span><\/span><\/p>\n","protected":false},"excerpt":{"rendered":"<p>Reunidos em assembleia geral, no dia 18 de abril de 2009, os representantes de onze entidades cient&iacute;ficas presentes ao IBERCOM 2009 &#8211; XI Congresso Ibero-Americano de Comunica&ccedil;&atilde;o, promovido pela Associa&ccedil;&atilde;o Ibero-Aemricana de Comunica&ccedil;&atilde;o, com o apoio da Universidade da Madeira, &nbsp;na cidade do Funchal (Ilha da Madeira, Portugal), decidiram fundar a Confedera&ccedil;&atilde;o Ibero-Amermicana de Associa&ccedil;&otilde;es &hellip; <a href=\"https:\/\/obscom.intervozes.org.br\/?p=22679\" class=\"more-link\">Continue lendo <span class=\"screen-reader-text\">Associa\u00e7\u00f5es criam Confedera\u00e7\u00e3o Ibero-Americana de Ci\u00eancias da Comunica\u00e7\u00e3o<\/span> <span class=\"meta-nav\">&rarr;<\/span><\/a><\/p>\n","protected":false},"author":1,"featured_media":0,"comment_status":"open","ping_status":"open","sticky":false,"template":"","format":"standard","meta":{"footnotes":""},"categories":[40],"tags":[1014],"_links":{"self":[{"href":"https:\/\/obscom.intervozes.org.br\/index.php?rest_route=\/wp\/v2\/posts\/22679"}],"collection":[{"href":"https:\/\/obscom.intervozes.org.br\/index.php?rest_route=\/wp\/v2\/posts"}],"about":[{"href":"https:\/\/obscom.intervozes.org.br\/index.php?rest_route=\/wp\/v2\/types\/post"}],"author":[{"embeddable":true,"href":"https:\/\/obscom.intervozes.org.br\/index.php?rest_route=\/wp\/v2\/users\/1"}],"replies":[{"embeddable":true,"href":"https:\/\/obscom.intervozes.org.br\/index.php?rest_route=%2Fwp%2Fv2%2Fcomments&post=22679"}],"version-history":[{"count":0,"href":"https:\/\/obscom.intervozes.org.br\/index.php?rest_route=\/wp\/v2\/posts\/22679\/revisions"}],"wp:attachment":[{"href":"https:\/\/obscom.intervozes.org.br\/index.php?rest_route=%2Fwp%2Fv2%2Fmedia&parent=22679"}],"wp:term":[{"taxonomy":"category","embeddable":true,"href":"https:\/\/obscom.intervozes.org.br\/index.php?rest_route=%2Fwp%2Fv2%2Fcategories&post=22679"},{"taxonomy":"post_tag","embeddable":true,"href":"https:\/\/obscom.intervozes.org.br\/index.php?rest_route=%2Fwp%2Fv2%2Ftags&post=22679"}],"curies":[{"name":"wp","href":"https:\/\/api.w.org\/{rel}","templated":true}]}}