{"id":22674,"date":"2009-04-20T12:35:36","date_gmt":"2009-04-20T12:35:36","guid":{"rendered":"https:\/\/obscom.intervozes.org.br\/wordpress\/?p=22674"},"modified":"2009-04-20T12:35:36","modified_gmt":"2009-04-20T12:35:36","slug":"anatel-promove-audiencias-publicas-sobre-qualidade-e-universalizacao-da-telefonia-fixa","status":"publish","type":"post","link":"https:\/\/obscom.intervozes.org.br\/?p=22674","title":{"rendered":"Anatel promove audi\u00eancias p\u00fablicas sobre qualidade e universaliza\u00e7\u00e3o da telefonia fixa"},"content":{"rendered":"\n<p class=\"padrao\">A Ag&ecirc;ncia Nacional de Telecomunica&ccedil;&otilde;es (Anatel) promover&aacute; seis audi&ecirc;ncias p&uacute;blicas sobre as propostas de novos condicionamentos, metas de qualidade e universaliza&ccedil;&atilde;o para o Servi&ccedil;o Telef&ocirc;nico Fixo Comutado (STFC). As audi&ecirc;ncias ser&atilde;o realizadas em Manaus (28 e 29 de abril), Salvador (7 e 8 de maio), S&atilde;o Paulo (13 e 14 de maio), Bras&iacute;lia (18 e 19 de maio), Florian&oacute;polis (21 e 22 de maio) e Rio de Janeiro (26 e 27 de maio), com a finalidade de possibilitar &agrave; sociedade o direito de manifesta&ccedil;&atilde;o sobre essas propostas.<\/p>\n<p>No primeiro dia, ser&atilde;o tratadas as propostas de altera&ccedil;&atilde;o dos Contratos de Concess&atilde;o do STFC (no hor&aacute;rio previsto das 8 h &agrave;s 13 h) e de Plano Geral de Metas de Qualidade &#8211; PGMQ (das 13 h &agrave;s 18 h). No segundo dia, no hor&aacute;rio previsto das 8 h &agrave;s 13 h, ser&aacute; tratada a proposta de Plano Geral de Metas de Universaliza&ccedil;&atilde;o (PGMU). <\/p>\n","protected":false},"excerpt":{"rendered":"<p>A Ag&ecirc;ncia Nacional de Telecomunica&ccedil;&otilde;es (Anatel) promover&aacute; seis audi&ecirc;ncias p&uacute;blicas sobre as propostas de novos condicionamentos, metas de qualidade e universaliza&ccedil;&atilde;o para o Servi&ccedil;o Telef&ocirc;nico Fixo Comutado (STFC). As audi&ecirc;ncias ser&atilde;o realizadas em Manaus (28 e 29 de abril), Salvador (7 e 8 de maio), S&atilde;o Paulo (13 e 14 de maio), Bras&iacute;lia (18 e &hellip; <a href=\"https:\/\/obscom.intervozes.org.br\/?p=22674\" class=\"more-link\">Continue lendo <span class=\"screen-reader-text\">Anatel promove audi\u00eancias p\u00fablicas sobre qualidade e universaliza\u00e7\u00e3o da telefonia fixa<\/span> <span class=\"meta-nav\">&rarr;<\/span><\/a><\/p>\n","protected":false},"author":1,"featured_media":0,"comment_status":"open","ping_status":"open","sticky":false,"template":"","format":"standard","meta":{"footnotes":""},"categories":[39],"tags":[],"_links":{"self":[{"href":"https:\/\/obscom.intervozes.org.br\/index.php?rest_route=\/wp\/v2\/posts\/22674"}],"collection":[{"href":"https:\/\/obscom.intervozes.org.br\/index.php?rest_route=\/wp\/v2\/posts"}],"about":[{"href":"https:\/\/obscom.intervozes.org.br\/index.php?rest_route=\/wp\/v2\/types\/post"}],"author":[{"embeddable":true,"href":"https:\/\/obscom.intervozes.org.br\/index.php?rest_route=\/wp\/v2\/users\/1"}],"replies":[{"embeddable":true,"href":"https:\/\/obscom.intervozes.org.br\/index.php?rest_route=%2Fwp%2Fv2%2Fcomments&post=22674"}],"version-history":[{"count":0,"href":"https:\/\/obscom.intervozes.org.br\/index.php?rest_route=\/wp\/v2\/posts\/22674\/revisions"}],"wp:attachment":[{"href":"https:\/\/obscom.intervozes.org.br\/index.php?rest_route=%2Fwp%2Fv2%2Fmedia&parent=22674"}],"wp:term":[{"taxonomy":"category","embeddable":true,"href":"https:\/\/obscom.intervozes.org.br\/index.php?rest_route=%2Fwp%2Fv2%2Fcategories&post=22674"},{"taxonomy":"post_tag","embeddable":true,"href":"https:\/\/obscom.intervozes.org.br\/index.php?rest_route=%2Fwp%2Fv2%2Ftags&post=22674"}],"curies":[{"name":"wp","href":"https:\/\/api.w.org\/{rel}","templated":true}]}}