{"id":22672,"date":"2009-04-17T16:13:02","date_gmt":"2009-04-17T16:13:02","guid":{"rendered":"https:\/\/obscom.intervozes.org.br\/wordpress\/?p=22672"},"modified":"2009-04-17T16:13:02","modified_gmt":"2009-04-17T16:13:02","slug":"tv-cultura-e-abril-devem-receber-licenca-experimental-para-multiprogramacao","status":"publish","type":"post","link":"https:\/\/obscom.intervozes.org.br\/?p=22672","title":{"rendered":"TV Cultura e Abril devem receber licen\u00e7a experimental para multiprograma\u00e7\u00e3o"},"content":{"rendered":"<p><span class=\"padrao\"><u><strong>Reproduzido do Comunique-se<br \/><\/strong><\/u><br \/>O Minist&eacute;rio das Comunica&ccedil;&otilde;es deve anunciar em breve a concess&atilde;o de licen&ccedil;a para que a TV Cultura e o grupo Abril possam utilizar a multiprograma&ccedil;&atilde;o em car&aacute;ter experimental. A informa&ccedil;&atilde;o foi dada pelo assessor da Casa Civil, Andr&eacute; Barbosa, ao site Telecom Online. <br \/> A licen&ccedil;a experimental deve contornar a pol&ecirc;mica gerada pela suspens&atilde;o da multiprograma&ccedil;&atilde;o da TV Cultura. <\/p>\n<p>No in&iacute;cio de mar&ccedil;o, o ministro das Comunica&ccedil;&otilde;es, H&eacute;lio Costa, pediu que a emissora retirasse os canais Univesp TV e Multicultura do ar, j&aacute; que a multiprograma&ccedil;&atilde;o para as TVs abertas ainda n&atilde;o estava regulamentada. No momento, apenas as TVs p&uacute;blicas federais podem utilizar o servi&ccedil;o, que permite a veicula&ccedil;&atilde;o de quatro programa&ccedil;&otilde;es diferentes pelo mesmo espectro digital.  &quot;A Cultura tratou como se estivesse baseada no uso de bens de propriedade do estado quando, na verdade, s&atilde;o federais&quot;, afirmou Barbosa.  O Minist&eacute;rio das Comunica&ccedil;&otilde;es informa que o caso das licen&ccedil;as experimentais ainda est&aacute; sendo analisado e n&atilde;o existe prazo para o an&uacute;ncio da decis&atilde;o.<\/span><\/p>\n","protected":false},"excerpt":{"rendered":"<p>Reproduzido do Comunique-seO Minist&eacute;rio das Comunica&ccedil;&otilde;es deve anunciar em breve a concess&atilde;o de licen&ccedil;a para que a TV Cultura e o grupo Abril possam utilizar a multiprograma&ccedil;&atilde;o em car&aacute;ter experimental. A informa&ccedil;&atilde;o foi dada pelo assessor da Casa Civil, Andr&eacute; Barbosa, ao site Telecom Online. A licen&ccedil;a experimental deve contornar a pol&ecirc;mica gerada pela suspens&atilde;o &hellip; <a href=\"https:\/\/obscom.intervozes.org.br\/?p=22672\" class=\"more-link\">Continue lendo <span class=\"screen-reader-text\">TV Cultura e Abril devem receber licen\u00e7a experimental para multiprograma\u00e7\u00e3o<\/span> <span class=\"meta-nav\">&rarr;<\/span><\/a><\/p>\n","protected":false},"author":1,"featured_media":0,"comment_status":"open","ping_status":"open","sticky":false,"template":"","format":"standard","meta":{"footnotes":""},"categories":[39],"tags":[],"_links":{"self":[{"href":"https:\/\/obscom.intervozes.org.br\/index.php?rest_route=\/wp\/v2\/posts\/22672"}],"collection":[{"href":"https:\/\/obscom.intervozes.org.br\/index.php?rest_route=\/wp\/v2\/posts"}],"about":[{"href":"https:\/\/obscom.intervozes.org.br\/index.php?rest_route=\/wp\/v2\/types\/post"}],"author":[{"embeddable":true,"href":"https:\/\/obscom.intervozes.org.br\/index.php?rest_route=\/wp\/v2\/users\/1"}],"replies":[{"embeddable":true,"href":"https:\/\/obscom.intervozes.org.br\/index.php?rest_route=%2Fwp%2Fv2%2Fcomments&post=22672"}],"version-history":[{"count":0,"href":"https:\/\/obscom.intervozes.org.br\/index.php?rest_route=\/wp\/v2\/posts\/22672\/revisions"}],"wp:attachment":[{"href":"https:\/\/obscom.intervozes.org.br\/index.php?rest_route=%2Fwp%2Fv2%2Fmedia&parent=22672"}],"wp:term":[{"taxonomy":"category","embeddable":true,"href":"https:\/\/obscom.intervozes.org.br\/index.php?rest_route=%2Fwp%2Fv2%2Fcategories&post=22672"},{"taxonomy":"post_tag","embeddable":true,"href":"https:\/\/obscom.intervozes.org.br\/index.php?rest_route=%2Fwp%2Fv2%2Ftags&post=22672"}],"curies":[{"name":"wp","href":"https:\/\/api.w.org\/{rel}","templated":true}]}}