{"id":22670,"date":"2009-04-17T10:22:26","date_gmt":"2009-04-17T10:22:26","guid":{"rendered":"https:\/\/obscom.intervozes.org.br\/wordpress\/?p=22670"},"modified":"2009-04-17T10:22:26","modified_gmt":"2009-04-17T10:22:26","slug":"apos-convocacao-desafio-e-criacao-da-comissao-organizadora","status":"publish","type":"post","link":"https:\/\/obscom.intervozes.org.br\/?p=22670","title":{"rendered":"Ap\u00f3s convoca\u00e7\u00e3o, desafio \u00e9 cria\u00e7\u00e3o da comiss\u00e3o organizadora"},"content":{"rendered":"<p> \t<!-- \t\t@page { margin: 2cm } \t\tP { margin-bottom: 0.21cm } \t--> \t                           <\/p>\n<p class=\"padrao\">Ap&oacute;s quase dois meses de espera, o governo federal publicou nesta sexta-feira (17) o decreto que institui oficialmente a Confer&ecirc;ncia Nacional de Comunica&ccedil;&atilde;o, a partir de agora denominada 1a  CONFECOM. Como adiantado anteriormente por membros do Executivo, a Confer&ecirc;ncia ter&aacute; como tema &ldquo;Comunica&ccedil;&atilde;o: meios para a constru&ccedil;&atilde;o de direitos e de cidadania na era digital&rdquo; e sua etapa nacional ocorrer&aacute; de 1o a 3 de dezembro.<\/p>\n<p><span class=\"padrao\">O decreto confirmou o Minist&eacute;rio das Comunica&ccedil;&otilde;es (Minicom) como o &oacute;rg&atilde;o respons&aacute;vel pela coordena&ccedil;&atilde;o do processo, com colabora&ccedil;&otilde;es diretas da Secretaria-Geral e da Secretaria de Comunica&ccedil;&atilde;o Social da Presid&ecirc;ncia da Rep&uacute;blica. &ldquo;A publica&ccedil;&atilde;o do decreto acaba com uma expectativa que j&aacute; se arrastava h&aacute; mais de dois meses, desde a primeira reuni&atilde;o que a Comiss&atilde;o Nacional Pr&oacute;-Confer&ecirc;ncia realizou com interlocutores do Governo Federal&rdquo; comemora Carolina Ribeiro, integrante do Intervozes &ndash; Coletivo Brasil de Comunica&ccedil;&atilde;o Social. <\/span><\/p>\n<p>A convoca&ccedil;&atilde;o oficial foi saudada pelas entidades da sociedade civil e pelas comiss&otilde;es legislativas integrantes da Comiss&atilde;o Nacional Pr&oacute;-Confer&ecirc;ncia em videoconfer&ecirc;ncia realizada nesta sexta-feira. Na avalia&ccedil;&atilde;o de representantes destes setores, ela marca de fato o in&iacute;cio efetivo do processo e traz a partir de agora novos desafios. &ldquo;N&atilde;o podemos achar que com o decreto est&aacute; tudo resolvido, agora &eacute; que come&ccedil;amos de fato uma jornada com muitas tarefas daqui pra frente&rdquo;, assinalou o presidente da Comiss&atilde;o de Direitos Humanos e Minorias (CDHM) da C&acirc;mara dos Deputados, Luiz Couto (PT-PB).<\/p>\n<p><strong>Comiss&atilde;o organizadora<br \/><\/strong><br \/>Convocada a confer&ecirc;ncia, as aten&ccedil;&otilde;es voltam-se agora para a composi&ccedil;&atilde;o da comiss&atilde;o organizadora nacional e para a elabora&ccedil;&atilde;o do regimento interno. Segundo o decreto de convoca&ccedil;&atilde;o, caber&aacute; ao  Minicom a publica&ccedil;&atilde;o de uma portaria instituindo a comiss&atilde;o, o que deve ocorrer nos pr&oacute;ximos dias. &ldquo;A comiss&atilde;o ser&aacute; plural, representativa e aberta, incluindo os setores da sociedade civil&rdquo; disse o ministro das comunica&ccedil;&otilde;es, H&eacute;lio Costa, em mat&eacute;ria divulgada no site da pasta.<\/p>\n<p>Na plen&aacute;ria das comiss&otilde;es nacional e estaduais pr&oacute;-confer&ecirc;ncia de comunica&ccedil;&atilde;o realizada nessa quinta-feira em Bras&iacute;lia, foi informado que o governo j&aacute; possui uma proposta fechada de composi&ccedil;&atilde;o, com sete representantes de movimentos sociais, sete do governo federal, sete do empresariado e quatro do Congresso Nacional.<\/p>\n<p>Na avalia&ccedil;&atilde;o de Carolina Ribeiro, a proposta tem um problema grave de m&eacute;todo. &ldquo;A CNPC apresentou ao governo uma proposta de composi&ccedil;&atilde;o da Comiss&atilde;o Organizadora e esperava um retorno para que ela mesma, que congrega 33 entidades, pudesse indicar ao Executivo as representa&ccedil;&otilde;es que considera leg&iacute;timas. Mas isso n&atilde;o ocorreu e a sinaliza&ccedil;&atilde;o &eacute; que o governo fechar&aacute; a lista final sem discutir as indica&ccedil;&otilde;es da sociedade com a CNPC&rdquo;, lamenta.<\/p>\n<p>Outro problema, para Jacira Silva, do Movimento Negro Unificado (MNU), &eacute; a propor&ccedil;&atilde;o igual entre empres&aacute;rios e representantes de organiza&ccedil;&otilde;es da sociedade. &ldquo;&Eacute; essencial que a composi&ccedil;&atilde;o da comiss&atilde;o organizadora  garanta fortemente a participa&ccedil;&atilde;o da sociedade civil e dos profissionais de comunica&ccedil;&atilde;o em percentual significativo para que a Conferencia seja o marco hist&oacute;rico da democratiza&ccedil;&atilde;o dos meios de comunica&ccedil;&atilde;o&rdquo;, afirma.<\/p>\n<p>J&aacute; o coordenador do F&oacute;rum Nacional pela Democratiza&ccedil;&atilde;o da Comunica&ccedil;&atilde;o, Celso Schroder, considera razo&aacute;vel a propor&ccedil;&atilde;o decidida pelo governo. &ldquo;Precisamos de uma comiss&atilde;o que seja operacional, n&atilde;o de formula&ccedil;&atilde;o ou que leve para dentro da organiza&ccedil;&atilde;o do processo os debates que ocorrer&atilde;o na Confer&ecirc;ncia&rdquo;, defende. Para Schroder, &eacute; nos debates da CONFECOM que a diversidade da sociedade brasileira deve estar contemplada, &ldquo;n&atilde;o deixando ningu&eacute;m de fora&rdquo;.<\/p>\n<p><strong>Regimento interno<br \/><\/strong><br \/><span class=\"padrao\">Instalada a comiss&atilde;o organizadora, sua primeira tarefa ser&aacute; a elabora&ccedil;&atilde;o do regimento interno da Confer&ecirc;ncia. Segundo o decreto, ele &quot;dispor&aacute; sobre a organiza&ccedil;&atilde;o e o funcionamento da 1a CONFECOM nas suas etapas municipal, estadual, distrital e nacional&quot;. Ser&aacute; ele tamb&eacute;m que ir&aacute; estipular a forma de elei&ccedil;&atilde;o de delegados, incluindo os limites e a propor&ccedil;&atilde;o entre segmentos sociais e poder p&uacute;blico.  <\/span><\/p>\n<p>A discuss&atilde;o sobre as regras do processo &eacute; a principal preocupa&ccedil;&atilde;o atualmente para as comiss&otilde;es  nacional e estaduais pr&oacute;-confer&ecirc;ncia de comunica&ccedil;&atilde;o. Estas quest&otilde;es foram o principal tema da plen&aacute;ria realizada em Bras&iacute;lia nessa quinta-feira. Entre os pontos mais discutidos est&atilde;o a propor&ccedil;&atilde;o dos segmentos na elei&ccedil;&atilde;o de delegados, o car&aacute;ter deliberativo ou n&atilde;o-deliberativo da Confer&ecirc;ncia e a formata&ccedil;&atilde;o das etapas e o tem&aacute;rio do processo. Nas pr&oacute;ximas duas semanas, as comiss&otilde;es estaduais e nacional ir&atilde;o aprofundar o debate para amarrar propostas coletivas em nova plen&aacute;ria marcada para o dia 22 de maio.<\/p>\n<p><strong>Mobiliza&ccedil;&atilde;o<br \/><\/strong><br \/>Na avalia&ccedil;&atilde;o dos integrantes da Comiss&atilde;o Nacional Pr&oacute;-Confer&ecirc;ncia, todas estas disputas demandar&atilde;o um grau ainda maior de mobiliza&ccedil;&atilde;o das entidades da sociedade civil comprometidas com a democratiza&ccedil;&atilde;o do setor. &ldquo;Agora a palavra de ordem &eacute; mobiliza&ccedil;&atilde;o para que o debate chegue efetivamente aos movimentos sociais e &agrave; popula&ccedil;&atilde;o brasileira&rdquo;, aponta Augustino Veit, da Campanha &Eacute;tica na TV. &ldquo;&Eacute; momento de mobilizar, promover cursos ou semin&aacute;rios de forma&ccedil;&atilde;o e atuar junto aos governos dos Estados para que as confer&ecirc;ncias estaduais e regionais sejam n&atilde;o s&oacute; convocadas como tamb&eacute;m viabilizadas&rdquo;, acrescenta Andr&eacute; Ricardo, da Comiss&atilde;o de Jornalistas pela Igualdade Racial (Cojira).<\/p>\n<p>Veja abaixo a &iacute;ntegra do Decreto:<\/p>\n<p><span class=\"padrao\"><br \/> DECRETO DE 16 DE ABRIL DE 2009<\/p>\n<p>Convoca a 1a Confer&ecirc;ncia Nacional de Comunica&ccedil;&atilde;o &#8211; CONFECOM e d&aacute; outras provid&ecirc;ncias.<\/p>\n<p>O PRESIDENTE DA REP&Uacute;BLICA, no uso da atribui&ccedil;&atilde;o que lhe confere o art. 84, inciso VI, al&iacute;nea &quot;a&quot;, da Constitui&ccedil;&atilde;o,<br \/>D E C R E T A:<\/p>\n<p>Art. 1o Fica convocada a 1a Confer&ecirc;ncia Nacional de Comunica&ccedil;&atilde;o &#8211; CONFECOM, a se realizar de 1o a 3 dezembro de 2009, em Bras&iacute;lia, ap&oacute;s conclu&iacute;das as etapas regionais, sob a coordena&ccedil;&atilde;o do Minist&eacute;rio das Comunica&ccedil;&otilde;es, que desenvolver&aacute; os seus trabalhos com o tema: &quot;Comunica&ccedil;&atilde;o: meios para a constru&ccedil;&atilde;o de direitos e de cidadania na era digital&quot;.<\/p>\n<p>Art. 2o A 1a CONFECOM ser&aacute; presidida pelo Ministro de Estado das Comunica&ccedil;&otilde;es, ou por quem este indicar, e ter&aacute; a participa&ccedil;&atilde;o de delegados representantes da sociedade civil, eleitos em confer&ecirc;ncias estaduais e distrital, e de delegados representantes do poder p&uacute;blico. <\/p>\n<p>Par&aacute;grafo &uacute;nico. O Ministro de Estado das Comunica&ccedil;&otilde;es contar&aacute; com a colabora&ccedil;&atilde;o direta dos Ministros de Estado Chefes da Secretaria-Geral e da Secretaria de Comunica&ccedil;&atilde;o Social da Presid&ecirc;ncia da Rep&uacute;blica, na coordena&ccedil;&atilde;o dos trabalhos para a realiza&ccedil;&atilde;o da Confer&ecirc;ncia.<\/p>\n<p>Art. 3o O Ministro de Estado das Comunica&ccedil;&otilde;es constituir&aacute;, mediante portaria, comiss&atilde;o organizadora com vistas &agrave; elabora&ccedil;&atilde;o do regimento interno da 1a CONFECOM, composta por representantes da sociedade e do poder p&uacute;blico.<\/p>\n<p>Par&aacute;grafo &uacute;nico. O regimento interno de que trata o caput dispor&aacute; sobre a organiza&ccedil;&atilde;o e o funcionamento da 1a CONFECOM nas suas etapas municipal, estadual, distrital e nacional, inclusive sobre o processo democr&aacute;tico de escolha de seus delegados, e ser&aacute; editado mediante portaria do Ministro de Estado das Comunica&ccedil;&otilde;es. <\/p>\n<p>Art. 4o As despesas com a realiza&ccedil;&atilde;o da 1a CONFECOM correr&atilde;o por conta dos recursos or&ccedil;ament&aacute;rios do Minist&eacute;rio das Comunica&ccedil;&otilde;es.<\/p>\n<p>Art. 5o Este Decreto entra em vigor na data de sua publica&ccedil;&atilde;o.<\/p>\n<p>Bras&iacute;lia, 16 de abril de 2009; 188o da Independ&ecirc;ncia e 121o da Rep&uacute;blica.<br \/>LUIZ IN&Aacute;CIO LULA DA SILVA<br \/>H&eacute;lio Costa<br \/><\/span> <\/p>\n<p>&nbsp;<\/p>\n","protected":false},"excerpt":{"rendered":"<p>Comiss\u00e3o organizadora deve sair nos pr\u00f3ximos dias, composta em propor\u00e7\u00e3o igual entre governo, empres\u00e1rios e movimentos sociais. Para entidades, representantes da sociedade devem ser maioria<\/p>\n","protected":false},"author":1,"featured_media":0,"comment_status":"open","ping_status":"open","sticky":false,"template":"","format":"standard","meta":{"footnotes":""},"categories":[40],"tags":[1012],"_links":{"self":[{"href":"https:\/\/obscom.intervozes.org.br\/index.php?rest_route=\/wp\/v2\/posts\/22670"}],"collection":[{"href":"https:\/\/obscom.intervozes.org.br\/index.php?rest_route=\/wp\/v2\/posts"}],"about":[{"href":"https:\/\/obscom.intervozes.org.br\/index.php?rest_route=\/wp\/v2\/types\/post"}],"author":[{"embeddable":true,"href":"https:\/\/obscom.intervozes.org.br\/index.php?rest_route=\/wp\/v2\/users\/1"}],"replies":[{"embeddable":true,"href":"https:\/\/obscom.intervozes.org.br\/index.php?rest_route=%2Fwp%2Fv2%2Fcomments&post=22670"}],"version-history":[{"count":0,"href":"https:\/\/obscom.intervozes.org.br\/index.php?rest_route=\/wp\/v2\/posts\/22670\/revisions"}],"wp:attachment":[{"href":"https:\/\/obscom.intervozes.org.br\/index.php?rest_route=%2Fwp%2Fv2%2Fmedia&parent=22670"}],"wp:term":[{"taxonomy":"category","embeddable":true,"href":"https:\/\/obscom.intervozes.org.br\/index.php?rest_route=%2Fwp%2Fv2%2Fcategories&post=22670"},{"taxonomy":"post_tag","embeddable":true,"href":"https:\/\/obscom.intervozes.org.br\/index.php?rest_route=%2Fwp%2Fv2%2Ftags&post=22670"}],"curies":[{"name":"wp","href":"https:\/\/api.w.org\/{rel}","templated":true}]}}