{"id":22669,"date":"2009-04-16T12:42:47","date_gmt":"2009-04-16T12:42:47","guid":{"rendered":"https:\/\/obscom.intervozes.org.br\/wordpress\/?p=22669"},"modified":"2009-04-16T12:42:47","modified_gmt":"2009-04-16T12:42:47","slug":"comissoes-da-camara-interagem-para-aprovacao-do-pl-29","status":"publish","type":"post","link":"https:\/\/obscom.intervozes.org.br\/?p=22669","title":{"rendered":"Comiss\u00f5es da C\u00e2mara interagem para aprova\u00e7\u00e3o do PL 29"},"content":{"rendered":"<p> <u><strong>Reproduzido do Telecom OnLine<br \/><\/strong><\/u><br \/>A Comiss&atilde;o Ci&ecirc;ncia e Tecnologia, Comunica&ccedil;&atilde;o e Inform&aacute;tica (CCTCI) e a Comiss&atilde;o de Defesa do Consumidor (CDC), ambas da C&acirc;mara dos Deputados, v&atilde;o trabalhar juntas para aprova&ccedil;&atilde;o do PL 29 &ndash; projeto de lei que trata da cadeia do audiovisual e permite a entradas das teles no mercado de TV por assinatura &ndash;, segundo o deputado Eduardo Gomes (PSDB-TO), presidente da CCTCI. A id&eacute;ia &eacute; que as comiss&otilde;es mantenham di&aacute;logo sobre as altera&ccedil;&otilde;es no projeto e desenvolvam os trabalhos de forma objetiva e c&eacute;lere.<\/p>\n<p>Na manh&atilde; dessa ter&ccedil;a-feira (14), Gomes antecipou que pouca coisa mudou no texto do relat&oacute;rio do deputado Vital do R&ecirc;go Filho (PMDB-PB), da CDC. &ldquo;A informa&ccedil;&atilde;o que eu tenho &eacute; que n&atilde;o foram feitas mudan&ccedil;as substanciais&rdquo;, revelou. A expectativa &eacute; de que no m&aacute;ximo em duas semanas o PL 29 volte da CDC.&nbsp; De acordo com Campos, quando retornar, &agrave; CCTCI o projeto ter&aacute; a relatoria do Paulo Henrique Lustosa (PMDB-CE).<\/p>\n<p>O deputado tamb&eacute;m demonstrou preocupa&ccedil;&atilde;o com a demora na tramita&ccedil;&atilde;o do PL 29, pois, segundo ele, h&aacute; sempre uma tend&ecirc;ncia de a tecnologia ultrapassar o Legislativo. &ldquo;De vez em quando a gente se pega discutindo sobre m&aacute;quina de datilografia&rdquo;, brincou. Quanto aos pontos que causam diverg&ecirc;ncias sobre o projeto, Campos disse n&atilde;o h&aacute; mais espa&ccedil;o para &ldquo;discuss&otilde;es intermin&aacute;veis&rdquo; e que opini&otilde;es distintas devem ser decididas em vota&ccedil;&atilde;o. &ldquo;Acredito que submeter ao voto seja a melhor solu&ccedil;&atilde;o para isso&rdquo;, finalizou. <\/p>\n","protected":false},"excerpt":{"rendered":"<p>Reproduzido do Telecom OnLineA Comiss&atilde;o Ci&ecirc;ncia e Tecnologia, Comunica&ccedil;&atilde;o e Inform&aacute;tica (CCTCI) e a Comiss&atilde;o de Defesa do Consumidor (CDC), ambas da C&acirc;mara dos Deputados, v&atilde;o trabalhar juntas para aprova&ccedil;&atilde;o do PL 29 &ndash; projeto de lei que trata da cadeia do audiovisual e permite a entradas das teles no mercado de TV por assinatura &hellip; <a href=\"https:\/\/obscom.intervozes.org.br\/?p=22669\" class=\"more-link\">Continue lendo <span class=\"screen-reader-text\">Comiss\u00f5es da C\u00e2mara interagem para aprova\u00e7\u00e3o do PL 29<\/span> <span class=\"meta-nav\">&rarr;<\/span><\/a><\/p>\n","protected":false},"author":1,"featured_media":0,"comment_status":"open","ping_status":"open","sticky":false,"template":"","format":"standard","meta":{"footnotes":""},"categories":[39],"tags":[],"_links":{"self":[{"href":"https:\/\/obscom.intervozes.org.br\/index.php?rest_route=\/wp\/v2\/posts\/22669"}],"collection":[{"href":"https:\/\/obscom.intervozes.org.br\/index.php?rest_route=\/wp\/v2\/posts"}],"about":[{"href":"https:\/\/obscom.intervozes.org.br\/index.php?rest_route=\/wp\/v2\/types\/post"}],"author":[{"embeddable":true,"href":"https:\/\/obscom.intervozes.org.br\/index.php?rest_route=\/wp\/v2\/users\/1"}],"replies":[{"embeddable":true,"href":"https:\/\/obscom.intervozes.org.br\/index.php?rest_route=%2Fwp%2Fv2%2Fcomments&post=22669"}],"version-history":[{"count":0,"href":"https:\/\/obscom.intervozes.org.br\/index.php?rest_route=\/wp\/v2\/posts\/22669\/revisions"}],"wp:attachment":[{"href":"https:\/\/obscom.intervozes.org.br\/index.php?rest_route=%2Fwp%2Fv2%2Fmedia&parent=22669"}],"wp:term":[{"taxonomy":"category","embeddable":true,"href":"https:\/\/obscom.intervozes.org.br\/index.php?rest_route=%2Fwp%2Fv2%2Fcategories&post=22669"},{"taxonomy":"post_tag","embeddable":true,"href":"https:\/\/obscom.intervozes.org.br\/index.php?rest_route=%2Fwp%2Fv2%2Ftags&post=22669"}],"curies":[{"name":"wp","href":"https:\/\/api.w.org\/{rel}","templated":true}]}}