{"id":22666,"date":"2009-04-15T13:28:00","date_gmt":"2009-04-15T13:28:00","guid":{"rendered":"https:\/\/obscom.intervozes.org.br\/wordpress\/?p=22666"},"modified":"2009-04-15T13:28:00","modified_gmt":"2009-04-15T13:28:00","slug":"comissoes-pro-conferencia-de-comunicacao-realizam-seminario-nacional","status":"publish","type":"post","link":"https:\/\/obscom.intervozes.org.br\/?p=22666","title":{"rendered":"Comiss\u00f5es Pr\u00f3 Confer\u00eancia de Comunica\u00e7\u00e3o realizam semin\u00e1rio nacional"},"content":{"rendered":"<p class=\"padrao\">Nesta quinta-feira (16), a partir das 10h, no audit&oacute;rio do Interlegis, em Bras&iacute;lia, dezenas de organiza&ccedil;&otilde;es da sociedade civil e movimentos sociais de todo o Brasil estar&atilde;o reunidas para debater propostas para a I Confer&ecirc;ncia Nacional de Comunica&ccedil;&atilde;o.<\/p>\n<p>A atividade, promovida pela Comiss&atilde;o Nacional Pr&oacute; Confer&ecirc;ncia de Comunica&ccedil;&atilde;o (CNPC) e pelas Comiss&otilde;es de Direitos Humanos e Minorias (CDHM), Ci&ecirc;ncia e Tecnologia, Comunica&ccedil;&atilde;o e Inform&aacute;tica (CCTCI) e de Legisla&ccedil;&atilde;o Participativa (CLP) da C&acirc;mara dos Deputados, vai discutir posi&ccedil;&otilde;es sobre temas como a metodologia e o tem&aacute;rio da Confer&ecirc;ncia, al&eacute;m de tra&ccedil;ar um plano de mobiliza&ccedil;&atilde;o das entidades organizadas em torno da CNPC no processo. <\/p>\n<p>No dia 17, a partir das 9h, ser&aacute; realizada uma videoconfer&ecirc;ncia com as comiss&otilde;es estaduais que n&atilde;o puderem enviar representantes &agrave; atividade no dia 16. Na reuni&atilde;o virtual, ser&atilde;o repassadas as discuss&otilde;es e os encaminhamentos feitos no dia anterior, al&eacute;m de esclarecimento de poss&iacute;veis d&uacute;vidas&nbsp; que possam surgir.<\/p>\n","protected":false},"excerpt":{"rendered":"<p>Nesta quinta-feira (16), a partir das 10h, no audit&oacute;rio do Interlegis, em Bras&iacute;lia, dezenas de organiza&ccedil;&otilde;es da sociedade civil e movimentos sociais de todo o Brasil estar&atilde;o reunidas para debater propostas para a I Confer&ecirc;ncia Nacional de Comunica&ccedil;&atilde;o. A atividade, promovida pela Comiss&atilde;o Nacional Pr&oacute; Confer&ecirc;ncia de Comunica&ccedil;&atilde;o (CNPC) e pelas Comiss&otilde;es de Direitos Humanos &hellip; <a href=\"https:\/\/obscom.intervozes.org.br\/?p=22666\" class=\"more-link\">Continue lendo <span class=\"screen-reader-text\">Comiss\u00f5es Pr\u00f3 Confer\u00eancia de Comunica\u00e7\u00e3o realizam semin\u00e1rio nacional<\/span> <span class=\"meta-nav\">&rarr;<\/span><\/a><\/p>\n","protected":false},"author":1,"featured_media":0,"comment_status":"open","ping_status":"open","sticky":false,"template":"","format":"standard","meta":{"footnotes":""},"categories":[39],"tags":[],"_links":{"self":[{"href":"https:\/\/obscom.intervozes.org.br\/index.php?rest_route=\/wp\/v2\/posts\/22666"}],"collection":[{"href":"https:\/\/obscom.intervozes.org.br\/index.php?rest_route=\/wp\/v2\/posts"}],"about":[{"href":"https:\/\/obscom.intervozes.org.br\/index.php?rest_route=\/wp\/v2\/types\/post"}],"author":[{"embeddable":true,"href":"https:\/\/obscom.intervozes.org.br\/index.php?rest_route=\/wp\/v2\/users\/1"}],"replies":[{"embeddable":true,"href":"https:\/\/obscom.intervozes.org.br\/index.php?rest_route=%2Fwp%2Fv2%2Fcomments&post=22666"}],"version-history":[{"count":0,"href":"https:\/\/obscom.intervozes.org.br\/index.php?rest_route=\/wp\/v2\/posts\/22666\/revisions"}],"wp:attachment":[{"href":"https:\/\/obscom.intervozes.org.br\/index.php?rest_route=%2Fwp%2Fv2%2Fmedia&parent=22666"}],"wp:term":[{"taxonomy":"category","embeddable":true,"href":"https:\/\/obscom.intervozes.org.br\/index.php?rest_route=%2Fwp%2Fv2%2Fcategories&post=22666"},{"taxonomy":"post_tag","embeddable":true,"href":"https:\/\/obscom.intervozes.org.br\/index.php?rest_route=%2Fwp%2Fv2%2Ftags&post=22666"}],"curies":[{"name":"wp","href":"https:\/\/api.w.org\/{rel}","templated":true}]}}