{"id":22664,"date":"2009-04-13T17:24:46","date_gmt":"2009-04-13T17:24:46","guid":{"rendered":"https:\/\/obscom.intervozes.org.br\/wordpress\/?p=22664"},"modified":"2009-04-13T17:24:46","modified_gmt":"2009-04-13T17:24:46","slug":"cctci-aprova-acesso-a-radios-comunitarias-para-comunidades-rurais-indigenas-e-quilombolas","status":"publish","type":"post","link":"https:\/\/obscom.intervozes.org.br\/?p=22664","title":{"rendered":"CCTCI aprova acesso a r\u00e1dios comunit\u00e1rias para comunidades rurais, ind\u00edgenas e quilombolas"},"content":{"rendered":"\n<p><u><strong>Reproduzido da reda&ccedil;&atilde;o da Comiss&atilde;o de Ci&ecirc;ncia, Tecnologia, Comunica&ccedil;&atilde;o e Inform&aacute;tica (CCTCI) da C&acirc;mara dos Deputados<\/strong><\/u><\/p>\n<p>A CCTCI da C&acirc;mara dos Deputados aprovou na &uacute;ltima quarta-feira (8) altera&ccedil;&atilde;o na Lei das R&aacute;dios  Comunit&aacute;rias (9.612\/98) para facilitar o acesso &agrave; administra&ccedil;&atilde;o do servi&ccedil;o de  radiodifus&atilde;o comunit&aacute;ria para comunidades rurais, ind&iacute;genas e  quilombolas. <\/p>\n<p>Ao apresentar o seu substitutivo ao projeto de lei 2490\/07, do  deputado Eduardo Valverde (PT-RO), a deputada Luiza Erundina (PSB-SP) argumentou  que a legisla&ccedil;&atilde;o em vigor, ainda que de maneira indireta, excluiria essas  comunidades, uma vez que as outorgas de radiodifus&atilde;o comunit&aacute;ria seriam  destinadas a associa&ccedil;&otilde;es ou funda&ccedil;&otilde;es comunit&aacute;rias que estejam regularmente  instaladas em ambientes urbanos.<\/p>\n<p>Segundo a relatora, a proposta visa reconhecer as manifesta&ccedil;&otilde;es  culturais das comunidades ind&iacute;genas; possibilitar a outorga de r&aacute;dios  comunit&aacute;rias a essas comunidades; e legislar para que os povos ind&iacute;genas tenham  seus bens culturais, educativos e sociais preservados, com a utiliza&ccedil;&atilde;o dos  meios de comunica&ccedil;&atilde;o para a sua difus&atilde;o e enriquecimento. O projeto, sujeito &agrave; aprecia&ccedil;&atilde;o conclusiva pelas comiss&otilde;es,  segue agora para a Comiss&atilde;o de Constitui&ccedil;&atilde;o e Justi&ccedil;a e de  Cidadania.<\/p>\n","protected":false},"excerpt":{"rendered":"<p>Reproduzido da reda&ccedil;&atilde;o da Comiss&atilde;o de Ci&ecirc;ncia, Tecnologia, Comunica&ccedil;&atilde;o e Inform&aacute;tica (CCTCI) da C&acirc;mara dos Deputados A CCTCI da C&acirc;mara dos Deputados aprovou na &uacute;ltima quarta-feira (8) altera&ccedil;&atilde;o na Lei das R&aacute;dios Comunit&aacute;rias (9.612\/98) para facilitar o acesso &agrave; administra&ccedil;&atilde;o do servi&ccedil;o de radiodifus&atilde;o comunit&aacute;ria para comunidades rurais, ind&iacute;genas e quilombolas. Ao apresentar o seu &hellip; <a href=\"https:\/\/obscom.intervozes.org.br\/?p=22664\" class=\"more-link\">Continue lendo <span class=\"screen-reader-text\">CCTCI aprova acesso a r\u00e1dios comunit\u00e1rias para comunidades rurais, ind\u00edgenas e quilombolas<\/span> <span class=\"meta-nav\">&rarr;<\/span><\/a><\/p>\n","protected":false},"author":1,"featured_media":0,"comment_status":"open","ping_status":"open","sticky":false,"template":"","format":"standard","meta":{"footnotes":""},"categories":[39],"tags":[],"_links":{"self":[{"href":"https:\/\/obscom.intervozes.org.br\/index.php?rest_route=\/wp\/v2\/posts\/22664"}],"collection":[{"href":"https:\/\/obscom.intervozes.org.br\/index.php?rest_route=\/wp\/v2\/posts"}],"about":[{"href":"https:\/\/obscom.intervozes.org.br\/index.php?rest_route=\/wp\/v2\/types\/post"}],"author":[{"embeddable":true,"href":"https:\/\/obscom.intervozes.org.br\/index.php?rest_route=\/wp\/v2\/users\/1"}],"replies":[{"embeddable":true,"href":"https:\/\/obscom.intervozes.org.br\/index.php?rest_route=%2Fwp%2Fv2%2Fcomments&post=22664"}],"version-history":[{"count":0,"href":"https:\/\/obscom.intervozes.org.br\/index.php?rest_route=\/wp\/v2\/posts\/22664\/revisions"}],"wp:attachment":[{"href":"https:\/\/obscom.intervozes.org.br\/index.php?rest_route=%2Fwp%2Fv2%2Fmedia&parent=22664"}],"wp:term":[{"taxonomy":"category","embeddable":true,"href":"https:\/\/obscom.intervozes.org.br\/index.php?rest_route=%2Fwp%2Fv2%2Fcategories&post=22664"},{"taxonomy":"post_tag","embeddable":true,"href":"https:\/\/obscom.intervozes.org.br\/index.php?rest_route=%2Fwp%2Fv2%2Ftags&post=22664"}],"curies":[{"name":"wp","href":"https:\/\/api.w.org\/{rel}","templated":true}]}}