{"id":22660,"date":"2009-04-10T16:58:39","date_gmt":"2009-04-10T16:58:39","guid":{"rendered":"https:\/\/obscom.intervozes.org.br\/wordpress\/?p=22660"},"modified":"2009-04-10T16:58:39","modified_gmt":"2009-04-10T16:58:39","slug":"anatel-destroi-ilegalmente-8-toneladas-de-equipamentos","status":"publish","type":"post","link":"https:\/\/obscom.intervozes.org.br\/?p=22660","title":{"rendered":"Anatel destr\u00f3i ilegalmente 8 toneladas de equipamentos"},"content":{"rendered":"<p><!--[if gte mso 9]><xml>  <w:WordDocument>   <w:View>Normal<\/w:View>   <w:Zoom>0<\/w:Zoom>   <w:HyphenationZone>21<\/w:HyphenationZone>   <w:DoNotOptimizeForBrowser\/>  <\/w:WordDocument> <\/xml><![endif]--> <!--  \/* Style Definitions *\/ p.MsoNormal, li.MsoNormal, div.MsoNormal \t{mso-style-parent:\"\"; \tmargin:0cm; \tmargin-bottom:.0001pt; \tmso-pagination:widow-orphan; \tfont-size:12.0pt; \tfont-family:\"Times New Roman\"; \tmso-fareast-font-family:\"Times New Roman\";} h1 \t{mso-style-next:Normal; \tmargin:0cm; \tmargin-bottom:.0001pt; \tmso-pagination:widow-orphan; \tpage-break-after:avoid; \tmso-outline-level:1; \tfont-size:12.0pt; \tfont-family:\"Times New Roman\"; \tmso-font-kerning:0pt; \tfont-weight:bold;} p.MsoBodyText, li.MsoBodyText, div.MsoBodyText \t{margin-right:0cm; \tmso-margin-top-alt:auto; \tmso-margin-bottom-alt:auto; \tmargin-left:0cm; \ttext-align:justify; \tmso-pagination:widow-orphan; \tfont-size:12.0pt; \tfont-family:\"Times New Roman\"; \tmso-fareast-font-family:\"Times New Roman\";} a:link, span.MsoHyperlink \t{color:blue; \ttext-decoration:underline; \ttext-underline:single;} a:visited, span.MsoHyperlinkFollowed \t{color:purple; \ttext-decoration:underline; \ttext-underline:single;} p \t{margin-right:0cm; \tmso-margin-top-alt:auto; \tmso-margin-bottom-alt:auto; \tmargin-left:0cm; \tmso-pagination:widow-orphan; \tfont-size:12.0pt; \tfont-family:\"Times New Roman\"; \tmso-fareast-font-family:\"Times New Roman\";} @page Section1 \t{size:612.0pt 792.0pt; \tmargin:70.85pt 3.0cm 70.85pt 3.0cm; \tmso-header-margin:36.0pt; \tmso-footer-margin:36.0pt; \tmso-paper-source:0;} div.Section1 \t{page:Section1;} -->Na &uacute;ltima quarta-feira (8), o escrit&oacute;rio regional da Ag&ecirc;ncia Nacional de Telecomunica&ccedil;&atilde;o (Anatel) em S&atilde;o Paulo, com o suporte log&iacute;stico e pol&iacute;tico da Prefeitura Municipal, destruiu cerca de oito toneladas de equipamentos apreendidos em opera&ccedil;&otilde;es de fiscaliza&ccedil;&atilde;o de emissoras de r&aacute;dio n&atilde;o autorizadas. Ao todo, 17 mil discos e CDs, 750 transmissores, 70 antenas e dezenas de computadores e aparelhos de som se transformaram em sucata no hangar da Vasp, no aeroporto de Congonhas.<\/p>\n<p>Segundo a Anatel, todos os equipamentos encontravam-se sem homologa&ccedil;&atilde;o pelas autoridades respons&aacute;veis e provocavam interfer&ecirc;ncias no controle de tr&aacute;fego a&eacute;reo e nas transmiss&otilde;es de emissoras comerciais. Eles teriam sido apreendidos em cinco anos de opera&ccedil;&otilde;es da Ag&ecirc;ncia no estado e correspondiam a dois mil processos conclu&iacute;dos pela Justi&ccedil;a, que teria autorizado sua destrui&ccedil;&atilde;o. <span class=\"padrao\"><\/p>\n<p><\/span>&ldquo;<span class=\"padrao\">Este &eacute; um ato simb&oacute;lico do combate &agrave; ilegalidade em S&atilde;o Paulo. Aqui tem lei e ela ser&aacute; respeitada&rdquo;, disse o prefeito Gilberto Kassab (DEM), que fez quest&atilde;o de subir no rolo-compressor e posar para os flashes da grande imprensa comercial, que prestigiou em massa o acontecimento. &ldquo;&Eacute; fundamental que o material seja destru&iacute;do, para mostrar que n&atilde;o teremos toler&acirc;ncia com quem faz isso. Nosso objetivo &eacute; fechar todas as r&aacute;dios piratas e ilegais, que trazem riscos &agrave; vida das pessoas. Se &eacute; clandestina, tem que ser eliminada&rdquo;, sentenciou Kassab.<\/span><\/p>\n<p>Al&eacute;m do prefeito e dos ve&iacute;culos comerciais tradicionais, o ato de destrui&ccedil;&atilde;o contou com a presen&ccedil;a de policiais federais, militares, civis, de diversos secret&aacute;rios do governo municipal e da c&uacute;pula do escrit&oacute;rio regional da Anatel em S&atilde;o Paulo. Para Everaldo Gomes Ferreira, gerente regional da ag&ecirc;ncia, &ldquo;uma r&aacute;dio clandestina &eacute; um caminh&atilde;o na contram&atilde;o&rdquo; do espectro.<\/p>\n<p>Estas emissoras, acrescentou, aparentam ter um &ldquo;fasc&iacute;nio pela ilegalidade&rdquo;. &ldquo;Temos que respeitar a lei e a lei n&atilde;o se respeita. Todas essas r&aacute;dios nunca buscaram a legaliza&ccedil;&atilde;o. At&eacute; onde sei &ndash; porque sou da Anatel e n&atilde;o do Minist&eacute;rio das Comunica&ccedil;&otilde;es &ndash;, o Minist&eacute;rio faz exig&ecirc;ncias, tenta localizar os respons&aacute;veis, manda correspond&ecirc;ncia para mandar documenta&ccedil;&atilde;o e essas pessoas n&atilde;o s&atilde;o localizadas&rdquo;, alegou.<\/p>\n<p>Um relat&oacute;rio da subcomiss&atilde;o criada para avaliar os processos de outorga de concess&otilde;es de r&aacute;dio e TV da Comiss&atilde;o de Ci&ecirc;ncia e Tecnologia, Comunica&ccedil;&atilde;o e Inform&aacute;tica (CCTCI) da C&acirc;mara dos Deputados revelou, no entanto, que os processos para obten&ccedil;&atilde;o da autoriza&ccedil;&atilde;o de opera&ccedil;&atilde;o para uma r&aacute;dio comunit&aacute;ria podem levar at&eacute; 3,6 anos. O governo federal j&aacute; reconheceu o problema ao ter instalado dois grupos de trabalho, um em 2003 e outro em 2005, para tentar resolver o ac&uacute;mulo de processos. Apesar de ambos terem produzido recomenda&ccedil;&otilde;es e relat&oacute;rios finais, as medidas sugeridas nunca foram implantadas pelo Minist&eacute;rio das Comunica&ccedil;&otilde;es e por outros &oacute;rg&atilde;os do Executivo Federal. <\/p>\n<p><strong>Ilegalidade na destrui&ccedil;&atilde;o<\/strong><span class=\"padrao\"><\/p>\n<p><\/span>A Anatel justificou a destrui&ccedil;&atilde;o dos equipamentos dizendo se tratarem de provas materiais de crimes. &ldquo;&Eacute; igual a uma arma&rdquo;, disse Everaldo Ferreira. Garantiu que a ag&ecirc;ncia tem como uma de suas prerrogativas a destrui&ccedil;&atilde;o de equipamentos e alegou que n&atilde;o faria sentido doar as 8 toneladas que ali estavam porque &ldquo;hoje o custo de aquisi&ccedil;&atilde;o de materiais como estes &eacute; cada vez mais barato, sem contar que s&atilde;o de origem duvidosa&rdquo;.<\/p>\n<p>No entanto, segundo o juiz federal aposentado Paulo Fernando Silveira, consultado pelo Observat&oacute;rio do Direito &agrave; Comunica&ccedil;&atilde;o, a absoluta maioria dos equipamentos apresentados na opera&ccedil;&atilde;o da Anatel e da Prefeitura de S&atilde;o Paulo n&atilde;o poderia ser inutilizada. Ao contr&aacute;rio da apreens&atilde;o de drogas, por exemplo, os transmissores, antenas, computadores, mesas de som e CDs n&atilde;o s&atilde;o produtos proibidos pela lei, n&atilde;o sendo, portanto, pass&iacute;veis de destrui&ccedil;&atilde;o. Ao serem adquiridos no mercado interno de forma l&iacute;cita, s&atilde;o propriedade permanente daqueles que o compraram, mesmo que sejam considerados pela Justi&ccedil;a provas materiais de um crime.<\/p>\n<p>&ldquo;Mesmo um rev&oacute;lver, se estiver registrado no nome de algu&eacute;m, deve ser devolvido pela Justi&ccedil;a ap&oacute;s o t&eacute;rmino de um processo, independentemente se a pessoa foi condenada ou n&atilde;o, porque o bem n&atilde;o &eacute; il&iacute;cito. Se o processo terminou e ningu&eacute;m requereu os bens, a Uni&atilde;o n&atilde;o se torna propriet&aacute;ria automaticamente. Teria que devolv&ecirc;-los. Portanto, se a Anatel destruiu esses equipamentos, o fez ilegalmente e ter&aacute; que indenizar essas pessoas. Mesmo se havia ordem judicial para isso, ela era abusiva e ilegal. Todos os propriet&aacute;rios devem entrar com a&ccedil;&atilde;o de perdas e danos, porque o juiz mandou destruir algo que &eacute; seu, de sua propriedade&rdquo;, afirma Silveira.<\/p>\n<p>A Associa&ccedil;&atilde;o Brasileira de Radiodifus&atilde;o Comunit&aacute;ria (Abra&ccedil;o) questiona a exist&ecirc;ncia de decis&atilde;o judicial para a destrui&ccedil;&atilde;o dos equipamentos. &ldquo;Se h&aacute; um processo judicial, quem provocou a Justi&ccedil;a a se pronunciar sobre isso? Talvez nem processo exista&rdquo;, analisa Jerry Oliveira, diretor da associa&ccedil;&atilde;o em Campinas.<span class=\"padrao\"><\/p>\n<p><\/span>Para Paulo Silveira, o direito &agrave; comunica&ccedil;&atilde;o est&aacute; garantido na Constitui&ccedil;&atilde;o Federal como um direito individual e coletivo, e o Estado n&atilde;o pode, portanto, aboli-lo. &ldquo;Sua fun&ccedil;&atilde;o &eacute; apenas de gestor do espectro; &eacute; uma fun&ccedil;&atilde;o administrativa. O dono do espectro &eacute; o povo, de modo que o exerc&iacute;cio de um direito individual n&atilde;o pode ser considerado crime&rdquo;, acredita o juiz federal. &ldquo;A lei que criminaliza a radiodifus&atilde;o n&atilde;o autorizada &eacute; que &eacute; inconstitucional &ndash; e n&atilde;o a conduta que &eacute; criminosa&rdquo;, completa.<\/p>\n<p><strong>Descriminaliza&ccedil;&atilde;o na pauta do Congresso<\/p>\n<p><\/strong><!--[if !supportEmptyParas]-->Neste momento, est&atilde;o em tramita&ccedil;&atilde;o no Congresso Nacional dois projetos de lei que descriminalizam o exerc&iacute;cio n&atilde;o autorizado da radiodifus&atilde;o comunit&aacute;ria. Ou seja, em vez de abordar a pr&aacute;tica a partir de uma perspectiva penal, prop&otilde;em faz&ecirc;-lo mediante infra&ccedil;&otilde;es administrativas.<\/p>\n<p><span class=\"padrao\">&ldquo;Se aprovarmos a lei da descriminaliza&ccedil;&atilde;o e a anistia dos processados, esses atos judiciais se tornar&atilde;o sem efeito. Como &eacute; ent&atilde;o que as r&aacute;dios v&atilde;o ter acesso a esses equipamentos, que foram destru&iacute;dos?&rdquo;, questiona Jos&eacute; S&oacute;ter, coordenador-geral da Abra&ccedil;o. &ldquo;No m&iacute;nimo, foi uma prevarica&ccedil;&atilde;o da Anatel, que deveria ter ouvido todos os lados da quest&atilde;o antes de destruir os equipamentos&rdquo;, afirma. <\/span><\/p>\n<p class=\"padrao\"><strong>A&ccedil;&atilde;o orquestrada<\/strong><span class=\"padrao\"><strong><br \/><\/strong><br \/>Por press&atilde;o dos grandes radiodifusores, o projeto de lei que anistia as r&aacute;dios comunit&aacute;rias (que j&aacute; havia sido aprovado na CCTCI e estava sob avalia&ccedil;&atilde;o da Comiss&atilde;o de Constitui&ccedil;&atilde;o e Justi&ccedil;a) foi remetido pelo deputado Raul Julgmann (PPS-PE) &agrave; Comiss&atilde;o de Combate ao Crime Organizado. A manobra se coaduna com a opera&ccedil;&atilde;o da Anatel realizada esta semana, em S&atilde;o Paulo, que tratou a destrui&ccedil;&atilde;o dos equipamentos como uma a&ccedil;&atilde;o de combate ao crime. <\/p>\n<p><\/span><span class=\"padrao\">&ldquo;<\/span><span class=\"padrao\">Como eles mesmo disseram, foi um ato simb&oacute;lico, orquestrado pelos setores que s&atilde;o contr&aacute;rios &agrave; descriminaliza&ccedil;&atilde;o das emissoras comunit&aacute;rias, para refor&ccedil;ar a id&eacute;ia dos radiodifusores comerciais de que r&aacute;dio comunit&aacute;ria derruba avi&atilde;o. Por outro lado, vivemos o processo de convoca&ccedil;&atilde;o da Confer&ecirc;ncia Nacional de Comunica&ccedil;&atilde;o. Ao sinalizar que est&aacute; defendendo o interesse dos meios comerciais, a Anatel atende &agrave; necessidade da grande m&iacute;dia de ganhar a opini&atilde;o p&uacute;blica para as teses que ela defende, e que ser&atilde;o tema da Confer&ecirc;ncia. Ou seja, uma atividade midi&aacute;tica e pirot&eacute;cnica como essa responde a dois objetivos dos meios comerciais&rdquo;, avalia S&oacute;ter. &nbsp;<\/span>  <\/p>\n<p>Na tarde dessa quinta-feira (9), o F&oacute;rum Nacional pela Democratiza&ccedil;&atilde;o da Comunica&ccedil;&atilde;o divulgou nota p&uacute;blica condenando o vandalismo da Anatel em rela&ccedil;&atilde;o a um patrim&ocirc;nio coletivo e de inestim&aacute;vel valor social para as comunidades. Para o FNDC, a destrui&ccedil;&atilde;o de equipamentos de r&aacute;dios comunit&aacute;rias constitui um ato de prepot&ecirc;ncia, representa uma atitude deliberada contra a democratiza&ccedil;&atilde;o da comunica&ccedil;&atilde;o e deixas &agrave;s claras os temores de setores empresariais frente &agrave; Confer&ecirc;ncia Nacional de Comunica&ccedil;&atilde;o.<\/p>\n<p><span class=\"padrao\">&ldquo;A destrui&ccedil;&atilde;o dos equipamentos tamb&eacute;m representa uma cabal demonstra&ccedil;&atilde;o de ignor&acirc;ncia sobre o papel fundamental da comunica&ccedil;&atilde;o para a consolida&ccedil;&atilde;o da democracia, o fortalecimento da sua pluralidade e dos la&ccedil;os culturais da na&ccedil;&atilde;o brasileira&rdquo;, diz a nota, que conclui cobrando da Anatel explica&ccedil;&otilde;es ao povo brasileiro. Do contr&aacute;rio, entidades que lutam pela democratiza&ccedil;&atilde;o da comunica&ccedil;&atilde;o poder&atilde;o faz&ecirc;-lo atrav&eacute;s de uma a&ccedil;&atilde;o judicial, que j&aacute; est&aacute; sendo avaliada nacionalmente. <\/p>\n<p><em>* Colaborou Lucas Krauss<\/em><br \/><\/span><\/p>\n","protected":false},"excerpt":{"rendered":"<p>Segundo a Ag\u00eancia, a iniciativa teve como objetivo demonstrar o simbolismo &#8216;do combate \u00e0 ilegalidade&#8217; praticado pelo governo; para a Abra\u00e7o, a\u00e7\u00e3o foi orquestrada com os grandes meios de comunica\u00e7\u00e3o <\/p>\n","protected":false},"author":1,"featured_media":0,"comment_status":"open","ping_status":"open","sticky":false,"template":"","format":"standard","meta":{"footnotes":""},"categories":[40],"tags":[200],"_links":{"self":[{"href":"https:\/\/obscom.intervozes.org.br\/index.php?rest_route=\/wp\/v2\/posts\/22660"}],"collection":[{"href":"https:\/\/obscom.intervozes.org.br\/index.php?rest_route=\/wp\/v2\/posts"}],"about":[{"href":"https:\/\/obscom.intervozes.org.br\/index.php?rest_route=\/wp\/v2\/types\/post"}],"author":[{"embeddable":true,"href":"https:\/\/obscom.intervozes.org.br\/index.php?rest_route=\/wp\/v2\/users\/1"}],"replies":[{"embeddable":true,"href":"https:\/\/obscom.intervozes.org.br\/index.php?rest_route=%2Fwp%2Fv2%2Fcomments&post=22660"}],"version-history":[{"count":0,"href":"https:\/\/obscom.intervozes.org.br\/index.php?rest_route=\/wp\/v2\/posts\/22660\/revisions"}],"wp:attachment":[{"href":"https:\/\/obscom.intervozes.org.br\/index.php?rest_route=%2Fwp%2Fv2%2Fmedia&parent=22660"}],"wp:term":[{"taxonomy":"category","embeddable":true,"href":"https:\/\/obscom.intervozes.org.br\/index.php?rest_route=%2Fwp%2Fv2%2Fcategories&post=22660"},{"taxonomy":"post_tag","embeddable":true,"href":"https:\/\/obscom.intervozes.org.br\/index.php?rest_route=%2Fwp%2Fv2%2Ftags&post=22660"}],"curies":[{"name":"wp","href":"https:\/\/api.w.org\/{rel}","templated":true}]}}