{"id":22659,"date":"2009-04-09T18:44:38","date_gmt":"2009-04-09T18:44:38","guid":{"rendered":"https:\/\/obscom.intervozes.org.br\/wordpress\/?p=22659"},"modified":"2009-04-09T18:44:38","modified_gmt":"2009-04-09T18:44:38","slug":"empresas-vao-pedir-desoneracao-fiscal-da-banda-larga-movel","status":"publish","type":"post","link":"https:\/\/obscom.intervozes.org.br\/?p=22659","title":{"rendered":"Empresas v\u00e3o pedir desonera\u00e7\u00e3o fiscal da banda larga m\u00f3vel"},"content":{"rendered":"\n<p class=\"padrao\">A Associa&ccedil;&atilde;o Brasileira de Telecomunica&ccedil;&otilde;es (Telebrasil) apresentar&aacute; at&eacute; maio ao governo federal uma proposta de desonera&ccedil;&atilde;o tribut&aacute;ria da internet de banda larga m&oacute;vel. Segundo o presidente da entidade, Ant&ocirc;nio Carlos Valente, a medida &quot;n&atilde;o pode ser considerada ren&uacute;ncia de receita porque, em fun&ccedil;&atilde;o da pouca penetra&ccedil;&atilde;o do servi&ccedil;o, tal receita ainda n&atilde;o existe significativamente&quot;.<\/p>\n<p>A decis&atilde;o foi tomada nesta quarta-feira durante o lan&ccedil;amento de um estudo sobre o desempenho do setor de telecomunica&ccedil;&otilde;es no Brasil, em Bras&iacute;lia.Para o presidente da Associa&ccedil;&atilde;o Brasileira dos Usu&aacute;rios de Acesso R&aacute;pido, Hor&aacute;cio Belforte, o argumento do presidente da Telebrasil, de que a proposta de desonera&ccedil;&atilde;o n&atilde;o provocar&aacute; redu&ccedil;&atilde;o na arrecada&ccedil;&atilde;o do governo, &eacute; question&aacute;vel porque n&atilde;o leva em considera&ccedil;&atilde;o a possibilidade de migra&ccedil;&atilde;o de servi&ccedil;os.<\/p>\n<p>&quot;&Eacute; claro que haver&aacute; perda de receita para o governo porque haver&aacute; migra&ccedil;&atilde;o dos usu&aacute;rios da banda larga fixa, que pagam tributos, para a banda larga m&oacute;vel&quot;, disse &agrave; Ag&ecirc;ncia Brasil o presidente da Abusar, Hor&aacute;cio Belforte. Em 2008, as empresas de telecomunica&ccedil;&otilde;es arrecadaram R$ 41,1 bilh&otilde;es em tributos.<strong><\/p>\n<p>Crise <\/strong><\/p>\n<p>No final de 2008 os servi&ccedil;os de telecomunica&ccedil;&otilde;es &#8211;que envolve telefonia fixa e m&oacute;vel, al&eacute;m de TVs por assinaturas e de internet banda larga&#8211; registravam 208,3 milh&otilde;es de assinantes, n&uacute;mero 20,1% maior do que os 173,3 milh&otilde;es em 2007. Segundo o estudo, do resultado de 2008, 41,3 milh&otilde;es s&atilde;o relativos a servi&ccedil;o telef&ocirc;nico fixo comutado, 150,6 milh&otilde;es a celulares, 6,3 milh&otilde;es a TV por assinatura e 10 milh&otilde;es &agrave; internet de banda larga.<\/p>\n<p>&quot;N&atilde;o estamos com medo da crise, porque sabemos que vamos crescer. Para o nosso setor a crise &eacute; uma grande oportunidade&quot;, disse Valente, da Telebrasil.<\/p>\n","protected":false},"excerpt":{"rendered":"<p>A Associa&ccedil;&atilde;o Brasileira de Telecomunica&ccedil;&otilde;es (Telebrasil) apresentar&aacute; at&eacute; maio ao governo federal uma proposta de desonera&ccedil;&atilde;o tribut&aacute;ria da internet de banda larga m&oacute;vel. Segundo o presidente da entidade, Ant&ocirc;nio Carlos Valente, a medida &quot;n&atilde;o pode ser considerada ren&uacute;ncia de receita porque, em fun&ccedil;&atilde;o da pouca penetra&ccedil;&atilde;o do servi&ccedil;o, tal receita ainda n&atilde;o existe significativamente&quot;. A &hellip; <a href=\"https:\/\/obscom.intervozes.org.br\/?p=22659\" class=\"more-link\">Continue lendo <span class=\"screen-reader-text\">Empresas v\u00e3o pedir desonera\u00e7\u00e3o fiscal da banda larga m\u00f3vel<\/span> <span class=\"meta-nav\">&rarr;<\/span><\/a><\/p>\n","protected":false},"author":1,"featured_media":0,"comment_status":"open","ping_status":"open","sticky":false,"template":"","format":"standard","meta":{"footnotes":""},"categories":[40],"tags":[545],"_links":{"self":[{"href":"https:\/\/obscom.intervozes.org.br\/index.php?rest_route=\/wp\/v2\/posts\/22659"}],"collection":[{"href":"https:\/\/obscom.intervozes.org.br\/index.php?rest_route=\/wp\/v2\/posts"}],"about":[{"href":"https:\/\/obscom.intervozes.org.br\/index.php?rest_route=\/wp\/v2\/types\/post"}],"author":[{"embeddable":true,"href":"https:\/\/obscom.intervozes.org.br\/index.php?rest_route=\/wp\/v2\/users\/1"}],"replies":[{"embeddable":true,"href":"https:\/\/obscom.intervozes.org.br\/index.php?rest_route=%2Fwp%2Fv2%2Fcomments&post=22659"}],"version-history":[{"count":0,"href":"https:\/\/obscom.intervozes.org.br\/index.php?rest_route=\/wp\/v2\/posts\/22659\/revisions"}],"wp:attachment":[{"href":"https:\/\/obscom.intervozes.org.br\/index.php?rest_route=%2Fwp%2Fv2%2Fmedia&parent=22659"}],"wp:term":[{"taxonomy":"category","embeddable":true,"href":"https:\/\/obscom.intervozes.org.br\/index.php?rest_route=%2Fwp%2Fv2%2Fcategories&post=22659"},{"taxonomy":"post_tag","embeddable":true,"href":"https:\/\/obscom.intervozes.org.br\/index.php?rest_route=%2Fwp%2Fv2%2Ftags&post=22659"}],"curies":[{"name":"wp","href":"https:\/\/api.w.org\/{rel}","templated":true}]}}