{"id":22656,"date":"2009-04-08T15:31:48","date_gmt":"2009-04-08T15:31:48","guid":{"rendered":"https:\/\/obscom.intervozes.org.br\/wordpress\/?p=22656"},"modified":"2009-04-08T15:31:48","modified_gmt":"2009-04-08T15:31:48","slug":"cctci-recebe-movimento-pro-conferencia-de-comunicacao","status":"publish","type":"post","link":"https:\/\/obscom.intervozes.org.br\/?p=22656","title":{"rendered":"CCTCI recebe movimento Pr\u00f3 Confer\u00eancia de Comunica\u00e7\u00e3o"},"content":{"rendered":"\n<p><u><strong>Reproduzido da Reda&ccedil;&atilde;o da Comiss&atilde;o de Ci&ecirc;ncia, Tecnologia, Comunica&ccedil;&atilde;o e Inform&aacute;tica da C&acirc;mara<\/strong><\/u><\/p>\n<p>Representantes das entidades da Comiss&atilde;o Nacional Pr&oacute;-Confer&ecirc;ncia Nacional de Comunica&ccedil;&atilde;o reuniram-se nessa ter&ccedil;a-feira (7) com as vice-presidentes da Comiss&atilde;o de Ci&ecirc;ncia e Tecnologia, Comunica&ccedil;&atilde;o e Inform&aacute;tica da C&acirc;mara, deputada Professora Raquel Teixeira (PSDB-GO) e deputada Luiza Erundina (PSB-SP).<\/p>\n<p>Na expectativa de que o decreto de convoca&ccedil;&atilde;o da Confer&ecirc;ncia Nacional de Comunica&ccedil;&atilde;o seja publicado nos pr&oacute;ximos dias, o grupo, que participou das discuss&otilde;es com o governo sobre os termos do decreto, destacou a import&acirc;ncia da participa&ccedil;&atilde;o da CCTCI na comiss&atilde;o organizadora da Confer&ecirc;ncia, assim como da Comiss&atilde;o de Direitos Humanos e Minorias e de Legisla&ccedil;&atilde;o Participativa.As tr&ecirc;s comiss&otilde;es da C&acirc;mara v&ecirc;m debatendo desde 2007 a necessidade de atualiza&ccedil;&atilde;o do marco legal do setor e reivindicado junto ao governo a convoca&ccedil;&atilde;o da Confer&ecirc;ncia a fim de garantir a democratiza&ccedil;&atilde;o da comunica&ccedil;&atilde;o com sua regionaliza&ccedil;&atilde;o e diversifica&ccedil;&atilde;o. <\/p>\n<p>Na pr&oacute;xima semana, no dia 16 de abril, com a mobiliza&ccedil;&atilde;o das tr&ecirc;s comiss&otilde;es da C&acirc;mara envolvidas do debate sobre a Confer&ecirc;ncia, ser&aacute; realizado um Semin&aacute;rio Preparat&oacute;rio da 1&ordf; Confer&ecirc;ncia Nacional de Comunica&ccedil;&atilde;o, a partir das 10h, no audit&oacute;rio do Sindilegis.Durante o evento, ser&atilde;o discutidos os temas propostos para a Confer&ecirc;ncia e a metodologia dos debates, j&aacute; numa tentativa de preparar os debates principalmente para as etapas estaduais da Confer&ecirc;ncia.<\/p>\n<p><\/p>\n","protected":false},"excerpt":{"rendered":"<p>Reproduzido da Reda&ccedil;&atilde;o da Comiss&atilde;o de Ci&ecirc;ncia, Tecnologia, Comunica&ccedil;&atilde;o e Inform&aacute;tica da C&acirc;mara Representantes das entidades da Comiss&atilde;o Nacional Pr&oacute;-Confer&ecirc;ncia Nacional de Comunica&ccedil;&atilde;o reuniram-se nessa ter&ccedil;a-feira (7) com as vice-presidentes da Comiss&atilde;o de Ci&ecirc;ncia e Tecnologia, Comunica&ccedil;&atilde;o e Inform&aacute;tica da C&acirc;mara, deputada Professora Raquel Teixeira (PSDB-GO) e deputada Luiza Erundina (PSB-SP). Na expectativa de que &hellip; <a href=\"https:\/\/obscom.intervozes.org.br\/?p=22656\" class=\"more-link\">Continue lendo <span class=\"screen-reader-text\">CCTCI recebe movimento Pr\u00f3 Confer\u00eancia de Comunica\u00e7\u00e3o<\/span> <span class=\"meta-nav\">&rarr;<\/span><\/a><\/p>\n","protected":false},"author":1,"featured_media":0,"comment_status":"open","ping_status":"open","sticky":false,"template":"","format":"standard","meta":{"footnotes":""},"categories":[39],"tags":[],"_links":{"self":[{"href":"https:\/\/obscom.intervozes.org.br\/index.php?rest_route=\/wp\/v2\/posts\/22656"}],"collection":[{"href":"https:\/\/obscom.intervozes.org.br\/index.php?rest_route=\/wp\/v2\/posts"}],"about":[{"href":"https:\/\/obscom.intervozes.org.br\/index.php?rest_route=\/wp\/v2\/types\/post"}],"author":[{"embeddable":true,"href":"https:\/\/obscom.intervozes.org.br\/index.php?rest_route=\/wp\/v2\/users\/1"}],"replies":[{"embeddable":true,"href":"https:\/\/obscom.intervozes.org.br\/index.php?rest_route=%2Fwp%2Fv2%2Fcomments&post=22656"}],"version-history":[{"count":0,"href":"https:\/\/obscom.intervozes.org.br\/index.php?rest_route=\/wp\/v2\/posts\/22656\/revisions"}],"wp:attachment":[{"href":"https:\/\/obscom.intervozes.org.br\/index.php?rest_route=%2Fwp%2Fv2%2Fmedia&parent=22656"}],"wp:term":[{"taxonomy":"category","embeddable":true,"href":"https:\/\/obscom.intervozes.org.br\/index.php?rest_route=%2Fwp%2Fv2%2Fcategories&post=22656"},{"taxonomy":"post_tag","embeddable":true,"href":"https:\/\/obscom.intervozes.org.br\/index.php?rest_route=%2Fwp%2Fv2%2Ftags&post=22656"}],"curies":[{"name":"wp","href":"https:\/\/api.w.org\/{rel}","templated":true}]}}