{"id":22653,"date":"2009-04-08T10:59:04","date_gmt":"2009-04-08T10:59:04","guid":{"rendered":"https:\/\/obscom.intervozes.org.br\/wordpress\/?p=22653"},"modified":"2009-04-08T10:59:04","modified_gmt":"2009-04-08T10:59:04","slug":"anatel-anuncia-destruicao-de-oito-toneladas-de-equipamentos-de-radio","status":"publish","type":"post","link":"https:\/\/obscom.intervozes.org.br\/?p=22653","title":{"rendered":"Anatel anuncia destrui\u00e7\u00e3o de oito toneladas de equipamentos de r\u00e1dio"},"content":{"rendered":"<p>&nbsp;<span class=\"padrao\">A Ag&ecirc;ncia Nacional de Telecomunica&ccedil;&otilde;es anunciou que vai destruir na manh&atilde; dessa quarta-feira (08\/04) oito toneladas de equipamentos de transmiss&atilde;o de r&aacute;dio no hangar da Vasp, no Aeroporto de Congonhas, em S&atilde;o Paulo. Os equipamentos, ainda segundo nota da assessoria de comunica&ccedil;&atilde;o da Ag&ecirc;ncia, s&atilde;o fruto de apreens&otilde;es feitas em &ldquo;r&aacute;dios clandestinas&rdquo; pelo Escrit&oacute;rio Regional de S&atilde;o Paulo.<\/p>\n<p>A ag&ecirc;ncia vai contar ainda com o apoio da Prefeitura de S&atilde;o Paulo que cedeu as m&aacute;quinas para viabilizar a opera&ccedil;&atilde;o. Na nota, a Anatel n&atilde;o deixa claro que os equipamentos que ser&atilde;o destru&iacute;dos j&aacute; tiveram seus processos conclu&iacute;dos.&nbsp; A a&ccedil;&atilde;o est&aacute; sendo considerada uma afronta &agrave; liberdade de express&atilde;o e ao direito &agrave; comunica&ccedil;&atilde;o por entidades que defendem a descriminaliza&ccedil;&atilde;o das r&aacute;dios comunit&aacute;rias.<\/span> <\/p>\n","protected":false},"excerpt":{"rendered":"<p>&nbsp;A Ag&ecirc;ncia Nacional de Telecomunica&ccedil;&otilde;es anunciou que vai destruir na manh&atilde; dessa quarta-feira (08\/04) oito toneladas de equipamentos de transmiss&atilde;o de r&aacute;dio no hangar da Vasp, no Aeroporto de Congonhas, em S&atilde;o Paulo. Os equipamentos, ainda segundo nota da assessoria de comunica&ccedil;&atilde;o da Ag&ecirc;ncia, s&atilde;o fruto de apreens&otilde;es feitas em &ldquo;r&aacute;dios clandestinas&rdquo; pelo Escrit&oacute;rio Regional &hellip; <a href=\"https:\/\/obscom.intervozes.org.br\/?p=22653\" class=\"more-link\">Continue lendo <span class=\"screen-reader-text\">Anatel anuncia destrui\u00e7\u00e3o de oito toneladas de equipamentos de r\u00e1dio<\/span> <span class=\"meta-nav\">&rarr;<\/span><\/a><\/p>\n","protected":false},"author":1,"featured_media":0,"comment_status":"open","ping_status":"open","sticky":false,"template":"","format":"standard","meta":{"footnotes":""},"categories":[39],"tags":[],"_links":{"self":[{"href":"https:\/\/obscom.intervozes.org.br\/index.php?rest_route=\/wp\/v2\/posts\/22653"}],"collection":[{"href":"https:\/\/obscom.intervozes.org.br\/index.php?rest_route=\/wp\/v2\/posts"}],"about":[{"href":"https:\/\/obscom.intervozes.org.br\/index.php?rest_route=\/wp\/v2\/types\/post"}],"author":[{"embeddable":true,"href":"https:\/\/obscom.intervozes.org.br\/index.php?rest_route=\/wp\/v2\/users\/1"}],"replies":[{"embeddable":true,"href":"https:\/\/obscom.intervozes.org.br\/index.php?rest_route=%2Fwp%2Fv2%2Fcomments&post=22653"}],"version-history":[{"count":0,"href":"https:\/\/obscom.intervozes.org.br\/index.php?rest_route=\/wp\/v2\/posts\/22653\/revisions"}],"wp:attachment":[{"href":"https:\/\/obscom.intervozes.org.br\/index.php?rest_route=%2Fwp%2Fv2%2Fmedia&parent=22653"}],"wp:term":[{"taxonomy":"category","embeddable":true,"href":"https:\/\/obscom.intervozes.org.br\/index.php?rest_route=%2Fwp%2Fv2%2Fcategories&post=22653"},{"taxonomy":"post_tag","embeddable":true,"href":"https:\/\/obscom.intervozes.org.br\/index.php?rest_route=%2Fwp%2Fv2%2Ftags&post=22653"}],"curies":[{"name":"wp","href":"https:\/\/api.w.org\/{rel}","templated":true}]}}