{"id":22648,"date":"2009-04-07T13:45:57","date_gmt":"2009-04-07T13:45:57","guid":{"rendered":"https:\/\/obscom.intervozes.org.br\/wordpress\/?p=22648"},"modified":"2009-04-07T13:45:57","modified_gmt":"2009-04-07T13:45:57","slug":"ccj-ratifica-proibicao-do-controle-de-emissoras-de-radio-e-tv-por-parlamentares","status":"publish","type":"post","link":"https:\/\/obscom.intervozes.org.br\/?p=22648","title":{"rendered":"CCJ ratifica proibi\u00e7\u00e3o do controle de emissoras de r\u00e1dio e TV por parlamentares"},"content":{"rendered":"<div style=\"margin: 0px; padding: 0px; font-size: 0.72em; color: #444444; line-height: 1.5em; text-align: justify\">\n<div style=\"margin: 0px; padding: 0px; width: 100%\">\n<div style=\"margin: 0px; padding: 0px; width: 99%; float: left\">\n<p class=\"padrao\"><u><strong>Reproduzido da Ag&ecirc;ncia Senado<\/strong><\/u><\/p>\n<p>O presidente da Comiss&atilde;o de Constitui&ccedil;&atilde;o, Justi&ccedil;a e Cidadania (CCJ) do Senado Federal, senador Dem&oacute;stenes Torres (DEM-GO), decidiu enviar a todas as comiss&otilde;es permanentes da Casa recomenda&ccedil;&atilde;o de que os parlamentares n&atilde;o podem figurar como diretores, propriet&aacute;rios ou controladores de empresas de servi&ccedil;os de r&aacute;dio e televis&atilde;o, conforme dispositivo constitucional.<\/p>\n<p>A decis&atilde;o foi tomada nessa ter&ccedil;a-feira (7), ap&oacute;s a Comiss&atilde;o de Constitui&ccedil;&atilde;o, Justi&ccedil;a e Cidadania (CCJ) aprovar uma consulta ao colegiado a respeito do tema, feita pelo senador Eduardo Suplicy (PT-SP). Segundo o senador, h&aacute; muitos questionamentos da imprensa sobre o tema. A CCJ determinou, inclusive, que qualquer pedido de outorga, renova&ccedil;&atilde;o de concess&atilde;o, permiss&atilde;o ou autoriza&ccedil;&atilde;o para explora&ccedil;&atilde;o de servi&ccedil;os de som e de imagem, tendo &agrave; frente um senador ou deputado, ser&aacute; rejeitado.<\/p>\n<\/p><\/div>\n<\/div>\n<\/div>\n","protected":false},"excerpt":{"rendered":"<p>Reproduzido da Ag&ecirc;ncia Senado O presidente da Comiss&atilde;o de Constitui&ccedil;&atilde;o, Justi&ccedil;a e Cidadania (CCJ) do Senado Federal, senador Dem&oacute;stenes Torres (DEM-GO), decidiu enviar a todas as comiss&otilde;es permanentes da Casa recomenda&ccedil;&atilde;o de que os parlamentares n&atilde;o podem figurar como diretores, propriet&aacute;rios ou controladores de empresas de servi&ccedil;os de r&aacute;dio e televis&atilde;o, conforme dispositivo constitucional. A &hellip; <a href=\"https:\/\/obscom.intervozes.org.br\/?p=22648\" class=\"more-link\">Continue lendo <span class=\"screen-reader-text\">CCJ ratifica proibi\u00e7\u00e3o do controle de emissoras de r\u00e1dio e TV por parlamentares<\/span> <span class=\"meta-nav\">&rarr;<\/span><\/a><\/p>\n","protected":false},"author":1,"featured_media":0,"comment_status":"open","ping_status":"open","sticky":false,"template":"","format":"standard","meta":{"footnotes":""},"categories":[39],"tags":[],"_links":{"self":[{"href":"https:\/\/obscom.intervozes.org.br\/index.php?rest_route=\/wp\/v2\/posts\/22648"}],"collection":[{"href":"https:\/\/obscom.intervozes.org.br\/index.php?rest_route=\/wp\/v2\/posts"}],"about":[{"href":"https:\/\/obscom.intervozes.org.br\/index.php?rest_route=\/wp\/v2\/types\/post"}],"author":[{"embeddable":true,"href":"https:\/\/obscom.intervozes.org.br\/index.php?rest_route=\/wp\/v2\/users\/1"}],"replies":[{"embeddable":true,"href":"https:\/\/obscom.intervozes.org.br\/index.php?rest_route=%2Fwp%2Fv2%2Fcomments&post=22648"}],"version-history":[{"count":0,"href":"https:\/\/obscom.intervozes.org.br\/index.php?rest_route=\/wp\/v2\/posts\/22648\/revisions"}],"wp:attachment":[{"href":"https:\/\/obscom.intervozes.org.br\/index.php?rest_route=%2Fwp%2Fv2%2Fmedia&parent=22648"}],"wp:term":[{"taxonomy":"category","embeddable":true,"href":"https:\/\/obscom.intervozes.org.br\/index.php?rest_route=%2Fwp%2Fv2%2Fcategories&post=22648"},{"taxonomy":"post_tag","embeddable":true,"href":"https:\/\/obscom.intervozes.org.br\/index.php?rest_route=%2Fwp%2Fv2%2Ftags&post=22648"}],"curies":[{"name":"wp","href":"https:\/\/api.w.org\/{rel}","templated":true}]}}