{"id":22644,"date":"2009-04-02T16:49:32","date_gmt":"2009-04-02T16:49:32","guid":{"rendered":"https:\/\/obscom.intervozes.org.br\/wordpress\/?p=22644"},"modified":"2009-04-02T16:49:32","modified_gmt":"2009-04-02T16:49:32","slug":"senado-muda-regras-para-apreciacao-e-votacao-de-concessoes-de-radio-e-tv","status":"publish","type":"post","link":"https:\/\/obscom.intervozes.org.br\/?p=22644","title":{"rendered":"Senado muda regras para aprecia\u00e7\u00e3o e vota\u00e7\u00e3o de concess\u00f5es de r\u00e1dio e TV"},"content":{"rendered":"<p><span class=\"padrao\">O Plen&aacute;rio do Senado Federal aprovou, nessa quarta-feira (1&ordm;), projeto de resolu&ccedil;&atilde;o do Senado (PRS 11\/08) que estabelece novos crit&eacute;rios para a aprecia&ccedil;&atilde;o dos atos de outorga e renova&ccedil;&atilde;o de concess&otilde;es de r&aacute;dio e TV, especialmente o rito na Comiss&atilde;o de Ci&ecirc;ncia, Tecnologia, Inova&ccedil;&atilde;o, Comunica&ccedil;&atilde;o e Inform&aacute;tica (CCT) da casa. <\/p>\n<p><\/span><span class=\"padrao\">De autoria do senador<\/span><span class=\"padrao\"> <\/span><span class=\"padrao\">Antonio Carlos J&uacute;nior (DEM-BA),<\/span><span class=\"padrao\"> o projeto estabelece a abertura de prazo de 10 dias <\/span><span class=\"padrao\">a partir do momento em que a mat&eacute;ria &eacute; recebida pela comiss&atilde;o <\/span><span class=\"padrao\">para manifesta&ccedil;&atilde;o de apoio ou contesta&ccedil;&atilde;o dos senadores. As contesta&ccedil;&otilde;es dever&atilde;o ser apresentadas na CCTC, podendo ser encaminhadas &agrave;s autoridades competentes para sua apura&ccedil;&atilde;o. Caso isso aconte&ccedil;a, a tramita&ccedil;&atilde;o da mat&eacute;ria ser&aacute; paralisada por at&eacute; 90 dias para a defini&ccedil;&atilde;o conclusiva dos senadores sobre a validade ou n&atilde;o da outorga ou renova&ccedil;&atilde;o. <\/p>\n<p>O projeto tamb&eacute;m modifica parte de artigo do Regimento Interno do Senado para confirmar nesta norma a prerrogativa das comiss&otilde;es de votar em definitivo os projetos de decreto legislativo (PDCs) sobre outorgas e renova&ccedil;&otilde;es de concess&otilde;es de r&aacute;dio e TV, dispensando a aprecia&ccedil;&atilde;o em plen&aacute;rio.<\/p>\n<p><em>Com informa&ccedil;&otilde;es da Ag&ecirc;ncia Senado<\/em><br \/><\/span><\/p>\n","protected":false},"excerpt":{"rendered":"<p>O Plen&aacute;rio do Senado Federal aprovou, nessa quarta-feira (1&ordm;), projeto de resolu&ccedil;&atilde;o do Senado (PRS 11\/08) que estabelece novos crit&eacute;rios para a aprecia&ccedil;&atilde;o dos atos de outorga e renova&ccedil;&atilde;o de concess&otilde;es de r&aacute;dio e TV, especialmente o rito na Comiss&atilde;o de Ci&ecirc;ncia, Tecnologia, Inova&ccedil;&atilde;o, Comunica&ccedil;&atilde;o e Inform&aacute;tica (CCT) da casa. De autoria do senador Antonio &hellip; <a href=\"https:\/\/obscom.intervozes.org.br\/?p=22644\" class=\"more-link\">Continue lendo <span class=\"screen-reader-text\">Senado muda regras para aprecia\u00e7\u00e3o e vota\u00e7\u00e3o de concess\u00f5es de r\u00e1dio e TV<\/span> <span class=\"meta-nav\">&rarr;<\/span><\/a><\/p>\n","protected":false},"author":1,"featured_media":0,"comment_status":"open","ping_status":"open","sticky":false,"template":"","format":"standard","meta":{"footnotes":""},"categories":[39],"tags":[],"_links":{"self":[{"href":"https:\/\/obscom.intervozes.org.br\/index.php?rest_route=\/wp\/v2\/posts\/22644"}],"collection":[{"href":"https:\/\/obscom.intervozes.org.br\/index.php?rest_route=\/wp\/v2\/posts"}],"about":[{"href":"https:\/\/obscom.intervozes.org.br\/index.php?rest_route=\/wp\/v2\/types\/post"}],"author":[{"embeddable":true,"href":"https:\/\/obscom.intervozes.org.br\/index.php?rest_route=\/wp\/v2\/users\/1"}],"replies":[{"embeddable":true,"href":"https:\/\/obscom.intervozes.org.br\/index.php?rest_route=%2Fwp%2Fv2%2Fcomments&post=22644"}],"version-history":[{"count":0,"href":"https:\/\/obscom.intervozes.org.br\/index.php?rest_route=\/wp\/v2\/posts\/22644\/revisions"}],"wp:attachment":[{"href":"https:\/\/obscom.intervozes.org.br\/index.php?rest_route=%2Fwp%2Fv2%2Fmedia&parent=22644"}],"wp:term":[{"taxonomy":"category","embeddable":true,"href":"https:\/\/obscom.intervozes.org.br\/index.php?rest_route=%2Fwp%2Fv2%2Fcategories&post=22644"},{"taxonomy":"post_tag","embeddable":true,"href":"https:\/\/obscom.intervozes.org.br\/index.php?rest_route=%2Fwp%2Fv2%2Ftags&post=22644"}],"curies":[{"name":"wp","href":"https:\/\/api.w.org\/{rel}","templated":true}]}}