{"id":22617,"date":"2009-03-19T17:47:51","date_gmt":"2009-03-19T17:47:51","guid":{"rendered":"https:\/\/obscom.intervozes.org.br\/wordpress\/?p=22617"},"modified":"2009-03-19T17:47:51","modified_gmt":"2009-03-19T17:47:51","slug":"feministas-vao-criar-rede-de-controle-social-da-comunicacao","status":"publish","type":"post","link":"https:\/\/obscom.intervozes.org.br\/?p=22617","title":{"rendered":"Feministas v\u00e3o criar rede de controle social da comunica\u00e7\u00e3o"},"content":{"rendered":"\n<p class=\"padrao\">O Semin&aacute;rio &ldquo;O controle social da imagem da mulher na m&iacute;dia&rdquo; terminou neste domingo (15) com o apontamento de tarefas importantes para o movimento de mulheres. A combina&ccedil;&atilde;o do feminismo com a luta pela democratiza&ccedil;&atilde;o da comunica&ccedil;&atilde;o traz uma agenda de desafios, mobiliza&ccedil;&otilde;es e a necessidade de uma articula&ccedil;&atilde;o permanente, capaz de formular posicionamentos e propor alternativas.<\/p>\n<p>A plen&aacute;ria do Semin&aacute;rio encaminhou a forma&ccedil;&atilde;o de uma rede, composta por movimentos e entidades, a fim de ampliar o trabalho realizado pela Articula&ccedil;&atilde;o Mulher e M&iacute;dia &ndash; que j&aacute; vinha desenvolvendo debates sobre o controle social da imagem da mulher na m&iacute;dia, al&eacute;m das a&ccedil;&otilde;es que culminaram neste semin&aacute;rio.<\/p>\n<p>Diversas participantes do encontro afirmaram a import&acirc;ncia de o feminismo incorporar a luta pela democratiza&ccedil;&atilde;o da comunica&ccedil;&atilde;o como um campo de atua&ccedil;&atilde;o. Tamb&eacute;m falaram do necess&aacute;rio recorte racial e de orienta&ccedil;&atilde;o sexual nas discuss&otilde;es acerca das rela&ccedil;&otilde;es de poder expressas na m&iacute;dia.<\/p>\n<p>Como primeiras tarefas a serem encaminhadas por essa rede est&atilde;o a articula&ccedil;&atilde;o para a Confer&ecirc;ncia Nacional de Comunica&ccedil;&atilde;o nos &acirc;mbitos municipal e estadual, e o questionamento e a den&uacute;ncia das m&iacute;dias religiosas (as igrejas det&ecirc;m boa parte das concess&otilde;es de r&aacute;dio e TV). Na agenda tamb&eacute;m a mobiliza&ccedil;&atilde;o para o dia 17 de outubro, Dia Nacionalda Democratiza&ccedil;&atilde;o da Comunica&ccedil;&atilde;o.<\/p>\n<p>Para organizar uma proposta de funcionamento da rede e sistematizar os encaminhamentos do semin&aacute;rio, a fim de socializ&aacute;-los com todas as participantes, foi criado um grupo de trabalho composto por 32 mulheres. Esse grupo tamb&eacute;m levar&aacute; as defini&ccedil;&otilde;es do encontro &agrave;s pr&eacute;-inscritas que n&atilde;o puderam comparecer.<\/p>\n<p>Tamb&eacute;m foi decidido que o site <a href=\"http:\/\/www.mulheremidia.org.br\/site\/2009\/\">www.mulheremidia.org.br<\/a> deve se configurar num portal que seja refer&ecirc;ncia para a agenda e as discuss&otilde;es em torno aos temas abordados no semin&aacute;rio e outros que venham a derivar deles.<span class=\"padrao\"><\/p>\n<p><strong>Salto de qualidade<br \/><\/strong><br \/>A deputada federal Luiza Erundina (PSB\/SP) acompanhou o &uacute;ltimo dia do semin&aacute;rio e trouxe sua contribui&ccedil;&atilde;o a partir da disputa no Congresso Nacional. Ela defendeu que o movimento priorize a participa&ccedil;&atilde;o na Confer&ecirc;ncia de Comunica&ccedil;&atilde;o, por meio de delegadas que representem o debate em curso e que se articulem para construir vit&oacute;rias. &ldquo;N&atilde;o temos uma comunica&ccedil;&atilde;o democr&aacute;tica no Brasil&rdquo;, exclamou.<\/span><\/p>\n<p>Erundina tamb&eacute;m falou sobre a fragilidade das leis que deveriam regulamentar o sistema de radiodifus&atilde;o brasileiro, e nas implica&ccedil;&otilde;es que isso tem nesse cen&aacute;rio de aus&ecirc;ncia de democracia. Um dos grandes problemas apontados por ela &eacute; o alto n&uacute;mero de parlamentares que det&ecirc;m concess&otilde;es p&uacute;blicas nos seus estados. &ldquo;Precisamos fazer valer o artigo 54 da Constitui&ccedil;&atilde;o Federal, que pro&iacute;be deputados e senadores de deterem concess&otilde;es de servi&ccedil;os p&uacute;blicos&rdquo;, lembrou.<\/p>\n<p>Por fim, a deputada saudou as mobiliza&ccedil;&otilde;es do 8 de mar&ccedil;o, Dia Internacional da Mulher em todo o pa&iacute;s, destacando que elas representaram as lutas e constru&ccedil;&atilde;o do movimento de mulheres nestas &uacute;ltimas d&eacute;cadas. &ldquo;&Eacute; o momento de dar um salto de qualidade&rdquo;, finalizou, com palavras de incentivo &agrave; participa&ccedil;&atilde;o das mulheres em todas as disputas da sociedade brasileira &ndash; em especial, a da comunica&ccedil;&atilde;o, batalha estrat&eacute;gica.<\/p>\n","protected":false},"excerpt":{"rendered":"<p>O Semin&aacute;rio &ldquo;O controle social da imagem da mulher na m&iacute;dia&rdquo; terminou neste domingo (15) com o apontamento de tarefas importantes para o movimento de mulheres. A combina&ccedil;&atilde;o do feminismo com a luta pela democratiza&ccedil;&atilde;o da comunica&ccedil;&atilde;o traz uma agenda de desafios, mobiliza&ccedil;&otilde;es e a necessidade de uma articula&ccedil;&atilde;o permanente, capaz de formular posicionamentos e &hellip; <a href=\"https:\/\/obscom.intervozes.org.br\/?p=22617\" class=\"more-link\">Continue lendo <span class=\"screen-reader-text\">Feministas v\u00e3o criar rede de controle social da comunica\u00e7\u00e3o<\/span> <span class=\"meta-nav\">&rarr;<\/span><\/a><\/p>\n","protected":false},"author":1,"featured_media":0,"comment_status":"open","ping_status":"open","sticky":false,"template":"","format":"standard","meta":{"footnotes":""},"categories":[40],"tags":[667],"_links":{"self":[{"href":"https:\/\/obscom.intervozes.org.br\/index.php?rest_route=\/wp\/v2\/posts\/22617"}],"collection":[{"href":"https:\/\/obscom.intervozes.org.br\/index.php?rest_route=\/wp\/v2\/posts"}],"about":[{"href":"https:\/\/obscom.intervozes.org.br\/index.php?rest_route=\/wp\/v2\/types\/post"}],"author":[{"embeddable":true,"href":"https:\/\/obscom.intervozes.org.br\/index.php?rest_route=\/wp\/v2\/users\/1"}],"replies":[{"embeddable":true,"href":"https:\/\/obscom.intervozes.org.br\/index.php?rest_route=%2Fwp%2Fv2%2Fcomments&post=22617"}],"version-history":[{"count":0,"href":"https:\/\/obscom.intervozes.org.br\/index.php?rest_route=\/wp\/v2\/posts\/22617\/revisions"}],"wp:attachment":[{"href":"https:\/\/obscom.intervozes.org.br\/index.php?rest_route=%2Fwp%2Fv2%2Fmedia&parent=22617"}],"wp:term":[{"taxonomy":"category","embeddable":true,"href":"https:\/\/obscom.intervozes.org.br\/index.php?rest_route=%2Fwp%2Fv2%2Fcategories&post=22617"},{"taxonomy":"post_tag","embeddable":true,"href":"https:\/\/obscom.intervozes.org.br\/index.php?rest_route=%2Fwp%2Fv2%2Ftags&post=22617"}],"curies":[{"name":"wp","href":"https:\/\/api.w.org\/{rel}","templated":true}]}}