{"id":22614,"date":"2009-03-18T11:31:49","date_gmt":"2009-03-18T11:31:49","guid":{"rendered":"https:\/\/obscom.intervozes.org.br\/wordpress\/?p=22614"},"modified":"2009-03-18T11:31:49","modified_gmt":"2009-03-18T11:31:49","slug":"governo-define-tema-da-conferencia-de-comunicacao","status":"publish","type":"post","link":"https:\/\/obscom.intervozes.org.br\/?p=22614","title":{"rendered":"Governo define tema da Confer\u00eancia de Comunica\u00e7\u00e3o"},"content":{"rendered":"<p><u><strong>Reproduzido do Tela Viva News<\/strong><\/u> <\/p>\n<p>Depois de muito debate interno, o governo definiu o tema da 1&ordf; Confer&ecirc;ncia Nacional de Comunica&ccedil;&atilde;o. A tem&aacute;tica do encontro ser&aacute; &quot;Comunica&ccedil;&atilde;o: Direito e Cidadania na Era Digital&quot;. Com esse foco, o governo espera abarcar diversas &aacute;reas na confer&ecirc;ncia, entre elas as telecomunica&ccedil;&otilde;es, televis&atilde;o, r&aacute;dio, internet e m&iacute;dia impressa. Segundo fontes que acompanham o assunto, o tema foi conciliado com os movimentos sociais focados na democratiza&ccedil;&atilde;o das comunica&ccedil;&otilde;es, que ap&oacute;iam a realiza&ccedil;&atilde;o de um debate sob o &acirc;ngulo da cidadania.<\/p>\n<p>A defini&ccedil;&atilde;o do tema era a pe&ccedil;a que faltava para a publica&ccedil;&atilde;o do decreto presidencial convocando a confer&ecirc;ncia. O documento tamb&eacute;m trar&aacute; a data de realiza&ccedil;&atilde;o do encontro nacional: a plen&aacute;ria est&aacute; marcada para os dias 1, 2 e 3 de dezembro e provavelmente ser&aacute; em Bras&iacute;lia, embora o texto n&atilde;o defina o local. At&eacute; l&aacute;, ser&atilde;o realizadas confer&ecirc;ncias preparat&oacute;rias nos estados.<\/p>\n<p>O foco das discuss&otilde;es dever&aacute; ser a constru&ccedil;&atilde;o de pol&iacute;ticas p&uacute;blicas para o setor de comunica&ccedil;&atilde;o. H&aacute; uma preocupa&ccedil;&atilde;o de que os temas internos do encontro n&atilde;o se confundam com a Confer&ecirc;ncia Nacional de Cultura, tamb&eacute;m prevista para este ano. Assim, temas relacionados com conte&uacute;do devem seguir para o encontro de Cultura.<\/p>\n","protected":false},"excerpt":{"rendered":"<p>Reproduzido do Tela Viva News Depois de muito debate interno, o governo definiu o tema da 1&ordf; Confer&ecirc;ncia Nacional de Comunica&ccedil;&atilde;o. A tem&aacute;tica do encontro ser&aacute; &quot;Comunica&ccedil;&atilde;o: Direito e Cidadania na Era Digital&quot;. Com esse foco, o governo espera abarcar diversas &aacute;reas na confer&ecirc;ncia, entre elas as telecomunica&ccedil;&otilde;es, televis&atilde;o, r&aacute;dio, internet e m&iacute;dia impressa. Segundo &hellip; <a href=\"https:\/\/obscom.intervozes.org.br\/?p=22614\" class=\"more-link\">Continue lendo <span class=\"screen-reader-text\">Governo define tema da Confer\u00eancia de Comunica\u00e7\u00e3o<\/span> <span class=\"meta-nav\">&rarr;<\/span><\/a><\/p>\n","protected":false},"author":1,"featured_media":0,"comment_status":"open","ping_status":"open","sticky":false,"template":"","format":"standard","meta":{"footnotes":""},"categories":[39],"tags":[],"_links":{"self":[{"href":"https:\/\/obscom.intervozes.org.br\/index.php?rest_route=\/wp\/v2\/posts\/22614"}],"collection":[{"href":"https:\/\/obscom.intervozes.org.br\/index.php?rest_route=\/wp\/v2\/posts"}],"about":[{"href":"https:\/\/obscom.intervozes.org.br\/index.php?rest_route=\/wp\/v2\/types\/post"}],"author":[{"embeddable":true,"href":"https:\/\/obscom.intervozes.org.br\/index.php?rest_route=\/wp\/v2\/users\/1"}],"replies":[{"embeddable":true,"href":"https:\/\/obscom.intervozes.org.br\/index.php?rest_route=%2Fwp%2Fv2%2Fcomments&post=22614"}],"version-history":[{"count":0,"href":"https:\/\/obscom.intervozes.org.br\/index.php?rest_route=\/wp\/v2\/posts\/22614\/revisions"}],"wp:attachment":[{"href":"https:\/\/obscom.intervozes.org.br\/index.php?rest_route=%2Fwp%2Fv2%2Fmedia&parent=22614"}],"wp:term":[{"taxonomy":"category","embeddable":true,"href":"https:\/\/obscom.intervozes.org.br\/index.php?rest_route=%2Fwp%2Fv2%2Fcategories&post=22614"},{"taxonomy":"post_tag","embeddable":true,"href":"https:\/\/obscom.intervozes.org.br\/index.php?rest_route=%2Fwp%2Fv2%2Ftags&post=22614"}],"curies":[{"name":"wp","href":"https:\/\/api.w.org\/{rel}","templated":true}]}}