{"id":22612,"date":"2009-03-17T17:43:07","date_gmt":"2009-03-17T17:43:07","guid":{"rendered":"https:\/\/obscom.intervozes.org.br\/wordpress\/?p=22612"},"modified":"2009-03-17T17:43:07","modified_gmt":"2009-03-17T17:43:07","slug":"presidente-da-tv-cultura-rebate-acusacoes-de-secretario","status":"publish","type":"post","link":"https:\/\/obscom.intervozes.org.br\/?p=22612","title":{"rendered":"Presidente da TV Cultura rebate acusa\u00e7\u00f5es de secret\u00e1rio"},"content":{"rendered":"\n<p class=\"padrao\">O jornalista Paulo Markun, presidente da Funda&ccedil;&atilde;o Padre Anchieta, afirma que audi&ecirc;ncia &eacute; importante, sim, para a emissora, mas n&atilde;o &eacute; tudo. &quot;A gente tem uma programa&ccedil;&atilde;o diferenciada, deve levar em considera&ccedil;&atilde;o o alcance social daquilo que produz. N&atilde;o estou me furtando a discutir o assunto, mas nosso foco n&atilde;o &eacute; s&oacute; audi&ecirc;ncia&quot;, diz. <\/p>\n<p>Ele nega que n&atilde;o haja preocupa&ccedil;&atilde;o com audi&ecirc;ncia.Diz que o assunto &eacute; estudado e debatido diariamente.&quot;N&atilde;o faz sentido fazer TV para ningu&eacute;m.&quot; Markun enfatiza que a baixa audi&ecirc;ncia n&atilde;o &eacute; um problema exclusivo da TV Cultura, mas de v&aacute;rias emissoras p&uacute;blicas que n&atilde;o seguem l&oacute;gica comercial, como a PBS, dos EUA. <\/p>\n<p>Ele avalia que a Cultura apresenta &quot;um bom resultado&quot; na rela&ccedil;&atilde;o custo-benef&iacute;cio e que &quot;est&aacute; acima da m&eacute;dia no que diz respeito a gastar bem o dinheiro&quot;. Segundo Markun, a emissora custa 50 vezes menos do que a Globo, mas sua audi&ecirc;ncia &eacute; s&oacute; 17 vezes menor. O executivo apresenta dados de audi&ecirc;ncia que mostram &quot;que n&atilde;o houve uma derrocada&quot;. Em 20 anos, a m&eacute;dia anual oscilou de 0,7 a 2,9 pontos. O jornalista refuta a afirma&ccedil;&atilde;o do secret&aacute;rio Lobo de que a emissora &eacute; usada como &quot;laborat&oacute;rio&quot; de programa&ccedil;&atilde;o. <\/p>\n<p class=\"padrao\">&quot;N&atilde;o &eacute; verdade. Acho que a gente tem que ter uma fase de experi&ecirc;ncia, sim. Mas n&atilde;o s&atilde;o experi&ecirc;ncias ditadas por quem est&aacute; na diretoria de programa&ccedil;&atilde;o. Ao contr&aacute;rio, eu eliminei isso&quot;, afirma.Markun tamb&eacute;m nega haver entra-e-sai de programas e falta de crit&eacute;rios para isso. &quot;No ano passado, n&oacute;s entramos com novos programas, mas a redu&ccedil;&atilde;o foi muito pequena.&quot; Por fim, devolve as cr&iacute;ticas a Lobo, que, enfatiza, n&atilde;o representa no conselho o governo do Estado, mas a sociedade civil. &quot;O conselheiro talvez devesse acompanhar mais de perto a programa&ccedil;&atilde;o.&quot; <\/p>\n","protected":false},"excerpt":{"rendered":"<p>O jornalista Paulo Markun, presidente da Funda&ccedil;&atilde;o Padre Anchieta, afirma que audi&ecirc;ncia &eacute; importante, sim, para a emissora, mas n&atilde;o &eacute; tudo. &quot;A gente tem uma programa&ccedil;&atilde;o diferenciada, deve levar em considera&ccedil;&atilde;o o alcance social daquilo que produz. N&atilde;o estou me furtando a discutir o assunto, mas nosso foco n&atilde;o &eacute; s&oacute; audi&ecirc;ncia&quot;, diz. Ele &hellip; <a href=\"https:\/\/obscom.intervozes.org.br\/?p=22612\" class=\"more-link\">Continue lendo <span class=\"screen-reader-text\">Presidente da TV Cultura rebate acusa\u00e7\u00f5es de secret\u00e1rio<\/span> <span class=\"meta-nav\">&rarr;<\/span><\/a><\/p>\n","protected":false},"author":1,"featured_media":0,"comment_status":"open","ping_status":"open","sticky":false,"template":"","format":"standard","meta":{"footnotes":""},"categories":[40],"tags":[1001],"_links":{"self":[{"href":"https:\/\/obscom.intervozes.org.br\/index.php?rest_route=\/wp\/v2\/posts\/22612"}],"collection":[{"href":"https:\/\/obscom.intervozes.org.br\/index.php?rest_route=\/wp\/v2\/posts"}],"about":[{"href":"https:\/\/obscom.intervozes.org.br\/index.php?rest_route=\/wp\/v2\/types\/post"}],"author":[{"embeddable":true,"href":"https:\/\/obscom.intervozes.org.br\/index.php?rest_route=\/wp\/v2\/users\/1"}],"replies":[{"embeddable":true,"href":"https:\/\/obscom.intervozes.org.br\/index.php?rest_route=%2Fwp%2Fv2%2Fcomments&post=22612"}],"version-history":[{"count":0,"href":"https:\/\/obscom.intervozes.org.br\/index.php?rest_route=\/wp\/v2\/posts\/22612\/revisions"}],"wp:attachment":[{"href":"https:\/\/obscom.intervozes.org.br\/index.php?rest_route=%2Fwp%2Fv2%2Fmedia&parent=22612"}],"wp:term":[{"taxonomy":"category","embeddable":true,"href":"https:\/\/obscom.intervozes.org.br\/index.php?rest_route=%2Fwp%2Fv2%2Fcategories&post=22612"},{"taxonomy":"post_tag","embeddable":true,"href":"https:\/\/obscom.intervozes.org.br\/index.php?rest_route=%2Fwp%2Fv2%2Ftags&post=22612"}],"curies":[{"name":"wp","href":"https:\/\/api.w.org\/{rel}","templated":true}]}}