{"id":22607,"date":"2009-03-16T17:36:08","date_gmt":"2009-03-16T17:36:08","guid":{"rendered":"https:\/\/obscom.intervozes.org.br\/wordpress\/?p=22607"},"modified":"2009-03-16T17:36:08","modified_gmt":"2009-03-16T17:36:08","slug":"jovens-querem-participar-da-conferencia-de-comunicacao","status":"publish","type":"post","link":"https:\/\/obscom.intervozes.org.br\/?p=22607","title":{"rendered":"Jovens querem participar da Confer\u00eancia de Comunica\u00e7\u00e3o"},"content":{"rendered":"<p><span class=\"padrao\">Na tarde desta quinta-feira (12), foi realizada uma reuni&atilde;o virtual para definir a organiza&ccedil;&atilde;o da Rede de Adolescentes e Jovens Comunicadores e Comunicadoras para a I Confer&ecirc;ncia Nacional de Comunica&ccedil;&atilde;o, que deve acontecer ainda esse ano, de acordo com declara&ccedil;&otilde;es do presidente Lula. Participaram do chat cerca de 30 adolescentes e jovens que fazem parte de organiza&ccedil;&otilde;es envolvidas com o tema da comunica&ccedil;&atilde;o em diferentes estados do pa&iacute;s, como Bahia, S&atilde;o Paulo, Par&aacute;, Rio Grande do Norte e Minas Gerais, entre outros. <\/p>\n<p>As principais a&ccedil;&otilde;es definidas na reuni&atilde;o foram: pressionar por um espa&ccedil;o para a juventude no Grupo de Trabalho que ir&aacute; organizar a Confer&ecirc;ncia; articular encontros, semin&aacute;rios e Confer&ecirc;ncias Municipais e Estaduais pr&eacute;vias &agrave; Confer&ecirc;ncia Nacional e apoiar o CONJUVE na mobiliza&ccedil;&atilde;o dos jovens para participa&ccedil;&atilde;o nas confer&ecirc;ncias locais.<\/p>\n<p>Uma dos principais passos dados para o apoio &agrave; realiza&ccedil;&atilde;o da Confer&ecirc;ncia Nacional de Comunica&ccedil;&atilde;o foi o lan&ccedil;amento de uma Carta para divulgar a Rede de Adolescentes e Jovens Comunicadores e Comunicadoras e garantir que adolescentes e jovens tenham uma participa&ccedil;&atilde;o ativa na I Confer&ecirc;ncia Nacional de Comunica&ccedil;&atilde;o.<\/p>\n<p>A Rede de Adolescentes e Jovens Comunicadores e Comunicadoras &eacute; uma iniciativa promovida pela Revista Vira&ccedil;&atilde;o. Ela iniciou seus trabalhos em abril de 2008, quando houve um primeiro encontro reunindo cerca de 60 representantes de 30 organiza&ccedil;&otilde;es juvenis que atuam com comunica&ccedil;&atilde;o popular juvenil nos v&aacute;rios estados do Brasil na cidade de Bras&iacute;lia. A Rede est&aacute; num processo de articula&ccedil;&atilde;o e defini&ccedil;&atilde;o de sua miss&atilde;o, objetivos e a&ccedil;&otilde;es. Uma das iniciativas ser&aacute; a mobiliza&ccedil;&atilde;o de jovens visando uma participa&ccedil;&atilde;o qualificada no processo da I Confer&ecirc;ncia Nacional da Comunica&ccedil;&atilde;o.<\/p>\n<p>Leia abaixo a Carta:<\/p>\n<p>A Rede de Adolescentes e Jovens Comunicadores e Comunicadoras do Brasil, uma nova articula&ccedil;&atilde;o da juventude pelo Direito Humano &agrave; Comunica&ccedil;&atilde;o no pa&iacute;s, vem, por meio desta, comemorar o an&uacute;ncio da I Confer&ecirc;ncia Nacional de Comunica&ccedil;&atilde;o pelo presidente Lu&iacute;s In&aacute;cio Lula da Silva e refor&ccedil;ar a import&acirc;ncia da participa&ccedil;&atilde;o da juventude brasileira na constru&ccedil;&atilde;o de pol&iacute;ticas p&uacute;blicas de comunica&ccedil;&atilde;o no pa&iacute;s.<\/p>\n<p>A Confer&ecirc;ncia de Comunica&ccedil;&atilde;o &eacute; urgente, visto o momento s&oacute;cio-pol&iacute;tico e cultural mundial que vem sendo transformado a cada dia pela inova&ccedil;&atilde;o tecnol&oacute;gica na &aacute;rea da informa&ccedil;&atilde;o e da comunica&ccedil;&atilde;o, o que pode provocar situa&ccedil;&otilde;es concretas de intera&ccedil;&atilde;o entre as pessoas no mundo inteiro com princ&iacute;pios globalizadores que promovam a emancipa&ccedil;&atilde;o justa da diversidade cultural. Al&eacute;m disso, no Brasil, a concentra&ccedil;&atilde;o dos meios de comunica&ccedil;&atilde;o de massa em poucas m&atilde;os ganha cada vez mais for&ccedil;a e poder no uso da informa&ccedil;&atilde;o junto &agrave;s imagens, provocando um sentido arbitrariamente desigual no agendamento das discuss&otilde;es pol&iacute;ticas, assim como no direcionamento desses di&aacute;logos.<\/p>\n<p>Para n&oacute;s, jovens brasileiros e brasileiras, falar em direito &agrave; comunica&ccedil;&atilde;o no Brasil, &eacute;, sem d&uacute;vida, falar em promover um desenvolvimento sustent&aacute;vel da democracia nacional. &Eacute; promover o acesso aos meios de produ&ccedil;&atilde;o, propiciar est&iacute;mulo e fortalecer o potencial criativo da popula&ccedil;&atilde;o. &Eacute; um direito inalien&aacute;vel, pois se trata da express&atilde;o humana que muitas vezes &eacute; adormecida em decorr&ecirc;ncia dos processos de exclus&atilde;o s&oacute;cio-econ&ocirc;mica.<\/p>\n<p>Acreditamos que a Comunica&ccedil;&atilde;o &eacute; uma grande ferramenta de participa&ccedil;&atilde;o social, pois ela, aliada a processos democr&aacute;ticos de produ&ccedil;&atilde;o e circula&ccedil;&atilde;o de conhecimentos, contribui de maneira decisiva para que as popula&ccedil;&otilde;es tenham assegurado os seus direitos de serem ouvidas, assim como de ouvirem uma diversidade de vozes. &quot;&#8230; para falar sobre a democratiza&ccedil;&atilde;o da produ&ccedil;&atilde;o e do uso dos meios de comunica&ccedil;&atilde;o, temos a responsabilidade de alertar os governos de que antes de globalizar nosso discurso, temos que globalizar o acesso &agrave; informa&ccedil;&atilde;o. E se vamos unir esfor&ccedil;os de v&aacute;rios povos para que isso aconte&ccedil;a, mais do que modificar a m&iacute;dia, vamos us&aacute;-la para acabar com a viol&ecirc;ncia, a mis&eacute;ria e o dif&iacute;cil acesso &agrave; educa&ccedil;&atilde;o. Unir esfor&ccedil;os significa lutar junto &agrave; m&iacute;dia para levarmos cultura, entretenimento e educa&ccedil;&atilde;o de boa qualidade para toda a popula&ccedil;&atilde;o&quot;.<\/p>\n<p>Com esse pensamento, adolescentes e profissionais da &aacute;rea constru&iacute;ram na IV C&uacute;pula Mundial de M&iacute;dia para Crian&ccedil;as e Adolescentes que reuniu quase 2 mil pessoas para discutir a m&iacute;dia para\/de\/com os jovens e apresentar alternativas de inclus&atilde;o digital e mobiliza&ccedil;&atilde;o s&oacute;cio-cultural atrav&eacute;s da comunica&ccedil;&atilde;o, no Rio de Janeiro, em 2004, uma carta com propostas para qualificar o acesso aos meios de produ&ccedil;&atilde;o para os jovens e a programa&ccedil;&atilde;o destinada ao p&uacute;blico infanto-juvenil no mundo inteiro.<\/p>\n<p>Em processo de forma&ccedil;&atilde;o, experimentando radicalmente sensa&ccedil;&otilde;es e hist&oacute;rias, crian&ccedil;as, adolescentes e jovens merecem aten&ccedil;&atilde;o quanto ao direito de se comunicar. A vontade latente dessas pessoas nessa fase da vida de interagir com o mundo e de transform&aacute;-lo sempre faz com que eles busquem de modo bastante significativo formas de se comunicar com o espa&ccedil;o e com as pessoas.<\/p>\n<p>Assim, &eacute; necess&aacute;rio que as propostas a serem apresentadas acrescentem ainda mais representatividade, tanto legal quanto pol&iacute;tica, a essa parcela de comunicadores e comunicadoras, sempre t&atilde;o exclu&iacute;dos dos grandes meios como em qualquer outro segmento da sociedade. Estamos aqui falando de um momento hist&oacute;rico nas discuss&otilde;es sobre o direito constitucional de produzir e consumir comunica&ccedil;&atilde;o, pois esse pode ser o pontap&eacute; inicial para a derrocada do sistema medi&aacute;tico atual, baseado nos grandes conglomerados de informa&ccedil;&atilde;o, que agem como m&aacute;quinas capitalistas, visando o lucro acima do direito que as pessoas t&ecirc;m de receber informa&ccedil;&atilde;o id&ocirc;nea e transparente, al&eacute;m de produzir a sua comunica&ccedil;&atilde;o sobre os anseios de suas comunidade, suas experi&ecirc;ncias e viv&ecirc;ncias, de forma a compartilhar com as outras pessoas as suas dificuldades e seus acertos e vit&oacute;rias. <\/p>\n<p>Tamb&eacute;m &eacute; preciso que sejam discutidas propostas que visem &agrave; garantia do acesso a pol&iacute;ticas p&uacute;blicas de fomento as comunica&ccedil;&otilde;es sociais e comunit&aacute;rias, seja em quais &acirc;mbitos for, garantindo assim o direito a comunica&ccedil;&atilde;o, n&atilde;o apenas de consumir e produzir, mas interagindo com outros produtores \/ consumidores e formando alian&ccedil;as e parcerias que visem o desenvolvimento de um sistema de informa&ccedil;&atilde;o alternativo, que bata de frente com o modelo baseado no capital especulativo e no objetivo de lucro, que &eacute; praticado pela totalidade dos meios comerciais atualmente.<\/p>\n<p>Para tanto, &eacute; necess&aacute;rio que, al&eacute;m das discuss&otilde;es sobre o acesso a comunica&ccedil;&atilde;o, sejam constitu&iacute;dos meios reguladores efetivos para as concess&otilde;es de r&aacute;dio e TV, se baseando nos princ&iacute;pios da nossa carta maior, a Constitui&ccedil;&atilde;o do Brasil, que &eacute; totalmente desrespeitada nesse ponto espec&iacute;fico. Ao propor esses meios, deve se ter cautela para n&atilde;o cair no contraponto da censura, o que seria um retrocesso &agrave;s vit&oacute;rias que conquistamos durante anos de luta por uma media igualit&aacute;ria e livre. Isso prova que a necessidade de discutir e propor id&eacute;ias para democratizar o acesso &agrave; comunica&ccedil;&atilde;o no pa&iacute;s tamb&eacute;m passa por uma quest&atilde;o edificante da perspectiva do p&uacute;blico infanto-juvenil, que com criatividade, capacidade imaginativa e sensibilidade para as quest&otilde;es do mundo se comunicam o tempo inteiro e chamam aten&ccedil;&atilde;o por onde passam por serem muitos, inquietos, em movimento.<\/p>\n<p>Rede de Jovens Comunicadores e Comunicadoras<\/p>\n<p><\/span><\/p>\n","protected":false},"excerpt":{"rendered":"<p>Na tarde desta quinta-feira (12), foi realizada uma reuni&atilde;o virtual para definir a organiza&ccedil;&atilde;o da Rede de Adolescentes e Jovens Comunicadores e Comunicadoras para a I Confer&ecirc;ncia Nacional de Comunica&ccedil;&atilde;o, que deve acontecer ainda esse ano, de acordo com declara&ccedil;&otilde;es do presidente Lula. Participaram do chat cerca de 30 adolescentes e jovens que fazem parte &hellip; <a href=\"https:\/\/obscom.intervozes.org.br\/?p=22607\" class=\"more-link\">Continue lendo <span class=\"screen-reader-text\">Jovens querem participar da Confer\u00eancia de Comunica\u00e7\u00e3o<\/span> <span class=\"meta-nav\">&rarr;<\/span><\/a><\/p>\n","protected":false},"author":1,"featured_media":0,"comment_status":"open","ping_status":"open","sticky":false,"template":"","format":"standard","meta":{"footnotes":""},"categories":[40],"tags":[195],"_links":{"self":[{"href":"https:\/\/obscom.intervozes.org.br\/index.php?rest_route=\/wp\/v2\/posts\/22607"}],"collection":[{"href":"https:\/\/obscom.intervozes.org.br\/index.php?rest_route=\/wp\/v2\/posts"}],"about":[{"href":"https:\/\/obscom.intervozes.org.br\/index.php?rest_route=\/wp\/v2\/types\/post"}],"author":[{"embeddable":true,"href":"https:\/\/obscom.intervozes.org.br\/index.php?rest_route=\/wp\/v2\/users\/1"}],"replies":[{"embeddable":true,"href":"https:\/\/obscom.intervozes.org.br\/index.php?rest_route=%2Fwp%2Fv2%2Fcomments&post=22607"}],"version-history":[{"count":0,"href":"https:\/\/obscom.intervozes.org.br\/index.php?rest_route=\/wp\/v2\/posts\/22607\/revisions"}],"wp:attachment":[{"href":"https:\/\/obscom.intervozes.org.br\/index.php?rest_route=%2Fwp%2Fv2%2Fmedia&parent=22607"}],"wp:term":[{"taxonomy":"category","embeddable":true,"href":"https:\/\/obscom.intervozes.org.br\/index.php?rest_route=%2Fwp%2Fv2%2Fcategories&post=22607"},{"taxonomy":"post_tag","embeddable":true,"href":"https:\/\/obscom.intervozes.org.br\/index.php?rest_route=%2Fwp%2Fv2%2Ftags&post=22607"}],"curies":[{"name":"wp","href":"https:\/\/api.w.org\/{rel}","templated":true}]}}