{"id":22604,"date":"2009-03-13T17:51:33","date_gmt":"2009-03-13T17:51:33","guid":{"rendered":"https:\/\/obscom.intervozes.org.br\/wordpress\/?p=22604"},"modified":"2014-09-07T02:58:14","modified_gmt":"2014-09-07T02:58:14","slug":"observatorio-disponibiliza-livro-sobre-radios-comunitarias-em-sua-biblioteca","status":"publish","type":"post","link":"https:\/\/obscom.intervozes.org.br\/?p=22604","title":{"rendered":"Observat\u00f3rio disponibiliza livro sobre r\u00e1dios comunit\u00e1rias em sua biblioteca"},"content":{"rendered":"<div id=\":203\" class=\"ii gt\">\n<div id=\":203\" class=\"ii gt\">\n<div>\n<div>\n<p class=\"padrao\">Publicado pelas edi&ccedil;&otilde;es Paulinas em 1998, o livro &ldquo;No ar&#8230; Uma r&aacute;dio  comunit&aacute;ria&rdquo;, da professora e pesquisadora em comunica&ccedil;&atilde;o Denise Cogo, est&aacute; agora  dispon&iacute;vel na biblioteca do Observat&oacute;rio do Direito &agrave; Comunica&ccedil;&atilde;o. A obra,  resultado de sua disserta&ccedil;&atilde;o de mestrado defendida na Universidade de S&atilde;o Paulo, estava com sua edi&ccedil;&atilde;o  esgotada, mas permanecia como uma refer&ecirc;ncia para professores e estudantes  interessados no tema da comunica&ccedil;&atilde;o alternativa e comunit&aacute;ria.<\/p>\n<p>O livro  faz uma reconstitui&ccedil;&atilde;o das primeiras experi&ecirc;ncias de comunica&ccedil;&atilde;o popular e  comunit&aacute;ria no Brasil, com destaque para as rela&ccedil;&otilde;es com movimentos sociais e com a Igreja  Cat&oacute;lica a partir das contribui&ccedil;&otilde;es do educador Paulo Freire, e tra&ccedil;a um panorama  atual das r&aacute;dios comunit&aacute;rias na Am&eacute;rica Latina.<\/p>\n<p>Para  acessar a obra, <a href=\"http:\/\/localhost\/intervozes_direitoacomunicacao\/wordpress\/?p=18300\">clique aqui<\/a>.<\/p>\n<\/p><\/div>\n<\/div><\/div>\n<\/p><\/div>\n","protected":false},"excerpt":{"rendered":"<p>Publicado pelas edi&ccedil;&otilde;es Paulinas em 1998, o livro &ldquo;No ar&#8230; Uma r&aacute;dio comunit&aacute;ria&rdquo;, da professora e pesquisadora em comunica&ccedil;&atilde;o Denise Cogo, est&aacute; agora dispon&iacute;vel na biblioteca do Observat&oacute;rio do Direito &agrave; Comunica&ccedil;&atilde;o. A obra, resultado de sua disserta&ccedil;&atilde;o de mestrado defendida na Universidade de S&atilde;o Paulo, estava com sua edi&ccedil;&atilde;o esgotada, mas permanecia como uma &hellip; <a href=\"https:\/\/obscom.intervozes.org.br\/?p=22604\" class=\"more-link\">Continue lendo <span class=\"screen-reader-text\">Observat\u00f3rio disponibiliza livro sobre r\u00e1dios comunit\u00e1rias em sua biblioteca<\/span> <span class=\"meta-nav\">&rarr;<\/span><\/a><\/p>\n","protected":false},"author":1,"featured_media":0,"comment_status":"open","ping_status":"open","sticky":false,"template":"","format":"standard","meta":{"footnotes":""},"categories":[39],"tags":[],"_links":{"self":[{"href":"https:\/\/obscom.intervozes.org.br\/index.php?rest_route=\/wp\/v2\/posts\/22604"}],"collection":[{"href":"https:\/\/obscom.intervozes.org.br\/index.php?rest_route=\/wp\/v2\/posts"}],"about":[{"href":"https:\/\/obscom.intervozes.org.br\/index.php?rest_route=\/wp\/v2\/types\/post"}],"author":[{"embeddable":true,"href":"https:\/\/obscom.intervozes.org.br\/index.php?rest_route=\/wp\/v2\/users\/1"}],"replies":[{"embeddable":true,"href":"https:\/\/obscom.intervozes.org.br\/index.php?rest_route=%2Fwp%2Fv2%2Fcomments&post=22604"}],"version-history":[{"count":1,"href":"https:\/\/obscom.intervozes.org.br\/index.php?rest_route=\/wp\/v2\/posts\/22604\/revisions"}],"predecessor-version":[{"id":28013,"href":"https:\/\/obscom.intervozes.org.br\/index.php?rest_route=\/wp\/v2\/posts\/22604\/revisions\/28013"}],"wp:attachment":[{"href":"https:\/\/obscom.intervozes.org.br\/index.php?rest_route=%2Fwp%2Fv2%2Fmedia&parent=22604"}],"wp:term":[{"taxonomy":"category","embeddable":true,"href":"https:\/\/obscom.intervozes.org.br\/index.php?rest_route=%2Fwp%2Fv2%2Fcategories&post=22604"},{"taxonomy":"post_tag","embeddable":true,"href":"https:\/\/obscom.intervozes.org.br\/index.php?rest_route=%2Fwp%2Fv2%2Ftags&post=22604"}],"curies":[{"name":"wp","href":"https:\/\/api.w.org\/{rel}","templated":true}]}}