{"id":22601,"date":"2009-03-13T16:56:44","date_gmt":"2009-03-13T16:56:44","guid":{"rendered":"https:\/\/obscom.intervozes.org.br\/wordpress\/?p=22601"},"modified":"2009-03-13T16:56:44","modified_gmt":"2009-03-13T16:56:44","slug":"cultura-tira-canais-do-ar-e-ira-esperar-autorizacao-para-multiprogramacao","status":"publish","type":"post","link":"https:\/\/obscom.intervozes.org.br\/?p=22601","title":{"rendered":"Cultura tira canais do ar e ir\u00e1 esperar autoriza\u00e7\u00e3o para multiprograma\u00e7\u00e3o"},"content":{"rendered":"<p><span class=\"padrao\">A TV Cultura retirou do ar na &uacute;ltima sexta-feira (13) as duas programa&ccedil;&otilde;es adicionais que havia colocado durante a semana passada: a Univesp, com conte&uacute;dos educacionais, e a Multicultura, que exibia blocos tem&aacute;ticos de programas do acervo. Nesta ter&ccedil;a-feira (17), o presidente da emissora, Paulo Markun, ir&aacute; se reunir com o ministro das comunica&ccedil;&otilde;es, H&eacute;lio Costa, para discutir a autoriza&ccedil;&atilde;o da pasta para a realiza&ccedil;&atilde;o de multiprograma&ccedil;&atilde;o por parte da TV paulista.<\/p>\n<p>A permiss&atilde;o do Minicom para o caso da Cultura foi a solu&ccedil;&atilde;o provis&oacute;ria encontrada pelo governo federal para resolver o impasse que havia sido estabelecido. No in&iacute;cio da semana passada, o ministro das comunica&ccedil;&otilde;es chegou a amea&ccedil;ar lacrar o transmissor da emissora caso ela mantivesse a decis&atilde;o de colocar as programa&ccedil;&otilde;es adicionais no ar. Costa argumentou que tal iniciativa infringia a Norma No 1, sobre o servi&ccedil;o de TV p&uacute;blica digital, que restringiu o uso da multiprograma&ccedil;&atilde;o apenas &agrave;s emissoras p&uacute;blicas vinculadas aos poderes da Uni&atilde;o, como a TV Brasil e a TV C&acirc;mara.<\/p>\n<p><em>Com informa&ccedil;&otilde;es da coluna Outro Canal, do jornal Folha de S. Paulo.<\/em><\/span>   <\/p>\n","protected":false},"excerpt":{"rendered":"<p>A TV Cultura retirou do ar na &uacute;ltima sexta-feira (13) as duas programa&ccedil;&otilde;es adicionais que havia colocado durante a semana passada: a Univesp, com conte&uacute;dos educacionais, e a Multicultura, que exibia blocos tem&aacute;ticos de programas do acervo. Nesta ter&ccedil;a-feira (17), o presidente da emissora, Paulo Markun, ir&aacute; se reunir com o ministro das comunica&ccedil;&otilde;es, H&eacute;lio &hellip; <a href=\"https:\/\/obscom.intervozes.org.br\/?p=22601\" class=\"more-link\">Continue lendo <span class=\"screen-reader-text\">Cultura tira canais do ar e ir\u00e1 esperar autoriza\u00e7\u00e3o para multiprograma\u00e7\u00e3o<\/span> <span class=\"meta-nav\">&rarr;<\/span><\/a><\/p>\n","protected":false},"author":1,"featured_media":0,"comment_status":"open","ping_status":"open","sticky":false,"template":"","format":"standard","meta":{"footnotes":""},"categories":[39],"tags":[],"_links":{"self":[{"href":"https:\/\/obscom.intervozes.org.br\/index.php?rest_route=\/wp\/v2\/posts\/22601"}],"collection":[{"href":"https:\/\/obscom.intervozes.org.br\/index.php?rest_route=\/wp\/v2\/posts"}],"about":[{"href":"https:\/\/obscom.intervozes.org.br\/index.php?rest_route=\/wp\/v2\/types\/post"}],"author":[{"embeddable":true,"href":"https:\/\/obscom.intervozes.org.br\/index.php?rest_route=\/wp\/v2\/users\/1"}],"replies":[{"embeddable":true,"href":"https:\/\/obscom.intervozes.org.br\/index.php?rest_route=%2Fwp%2Fv2%2Fcomments&post=22601"}],"version-history":[{"count":0,"href":"https:\/\/obscom.intervozes.org.br\/index.php?rest_route=\/wp\/v2\/posts\/22601\/revisions"}],"wp:attachment":[{"href":"https:\/\/obscom.intervozes.org.br\/index.php?rest_route=%2Fwp%2Fv2%2Fmedia&parent=22601"}],"wp:term":[{"taxonomy":"category","embeddable":true,"href":"https:\/\/obscom.intervozes.org.br\/index.php?rest_route=%2Fwp%2Fv2%2Fcategories&post=22601"},{"taxonomy":"post_tag","embeddable":true,"href":"https:\/\/obscom.intervozes.org.br\/index.php?rest_route=%2Fwp%2Fv2%2Ftags&post=22601"}],"curies":[{"name":"wp","href":"https:\/\/api.w.org\/{rel}","templated":true}]}}