{"id":22599,"date":"2009-03-12T15:56:11","date_gmt":"2009-03-12T15:56:11","guid":{"rendered":"https:\/\/obscom.intervozes.org.br\/wordpress\/?p=22599"},"modified":"2009-03-12T15:56:11","modified_gmt":"2009-03-12T15:56:11","slug":"segundo-cade-telcomp-pediu-impugnacao-da-fusao-oibrt","status":"publish","type":"post","link":"https:\/\/obscom.intervozes.org.br\/?p=22599","title":{"rendered":"Segundo Cade, TelComp pediu impugna\u00e7\u00e3o da fus\u00e3o Oi\/BrT"},"content":{"rendered":"<p><span class=\"padrao\">O presidente do Cade (Conselho Administrativo de Defesa Econ&ocirc;mica), Arthur Badin, disse hoje que a TelComp&nbsp; (Associa&ccedil;&atilde;o Brasileira das Prestadoras de Servi&ccedil;os de Telecomunica&ccedil;&otilde;es Competitivas) solicitou a impugna&ccedil;&atilde;o da fus&atilde;o da Brasil Telecom com a Oi. O pedido est&aacute; baseado em estudo elaborado pela UnB (Universidade de Bras&iacute;lia), que aponta preju&iacute;zos &agrave; concorr&ecirc;ncia em decorr&ecirc;ncia da opera&ccedil;&atilde;o.<\/p>\n<p>Segundo Badin, o Cad&ecirc; ainda n&atilde;o examinou a solicita&ccedil;&atilde;o da TelComp porque o processo ainda est&aacute; em instru&ccedil;&atilde;o na Anatel. Ele n&atilde;o descartou, entretanto, a possibilidade de adotar medidas cautelares contra a fus&atilde;o, caso haja demora no envio do processo pela ag&ecirc;ncia.<\/p>\n<p>O presidente da TelComp, Luis Cuza, apresentou o pedido aos conselheiros do Cade&nbsp; na ter&ccedil;a-feira (10), ap&oacute;s explana&ccedil;&atilde;o do&nbsp; estudo&nbsp; da UnB. O trabalho mostra o aumento da abrang&ecirc;ncia da rede e do n&uacute;mero de clientes da Oi fortalece a capacidade da empresa de impedir a entrada de competidores de infraestrutura e de discriminar produtores de conte&uacute;do e provedores de acesso. Com a BrT, a Oi se tornou a operadora dominante em todos os estados, menos S&atilde;o Paulo.<\/p>\n<p>A posi&ccedil;&atilde;o defendida pela TelComp no Cade &eacute; de que haja a separa&ccedil;&atilde;o da empresa nas &aacute;reas de varejo e de opera&ccedil;&atilde;o de rede, para garantir que os concorrentes tenham tratamento ison&ocirc;mico no acesso &agrave; infraestrutura. Outra recomenda&ccedil;&atilde;o &eacute; pela desagrega&ccedil;&atilde;o de redes, divis&atilde;o dos elementos de infraestrutura (como rede de acesso, metropolitana e de longa dist&acirc;ncia) para oferta em atacado, al&eacute;m do c&aacute;lculo baseado em custos para uso da rede local.<\/span><\/p>\n","protected":false},"excerpt":{"rendered":"<p>O presidente do Cade (Conselho Administrativo de Defesa Econ&ocirc;mica), Arthur Badin, disse hoje que a TelComp&nbsp; (Associa&ccedil;&atilde;o Brasileira das Prestadoras de Servi&ccedil;os de Telecomunica&ccedil;&otilde;es Competitivas) solicitou a impugna&ccedil;&atilde;o da fus&atilde;o da Brasil Telecom com a Oi. O pedido est&aacute; baseado em estudo elaborado pela UnB (Universidade de Bras&iacute;lia), que aponta preju&iacute;zos &agrave; concorr&ecirc;ncia em decorr&ecirc;ncia &hellip; <a href=\"https:\/\/obscom.intervozes.org.br\/?p=22599\" class=\"more-link\">Continue lendo <span class=\"screen-reader-text\">Segundo Cade, TelComp pediu impugna\u00e7\u00e3o da fus\u00e3o Oi\/BrT<\/span> <span class=\"meta-nav\">&rarr;<\/span><\/a><\/p>\n","protected":false},"author":1,"featured_media":0,"comment_status":"open","ping_status":"open","sticky":false,"template":"","format":"standard","meta":{"footnotes":""},"categories":[40],"tags":[731],"_links":{"self":[{"href":"https:\/\/obscom.intervozes.org.br\/index.php?rest_route=\/wp\/v2\/posts\/22599"}],"collection":[{"href":"https:\/\/obscom.intervozes.org.br\/index.php?rest_route=\/wp\/v2\/posts"}],"about":[{"href":"https:\/\/obscom.intervozes.org.br\/index.php?rest_route=\/wp\/v2\/types\/post"}],"author":[{"embeddable":true,"href":"https:\/\/obscom.intervozes.org.br\/index.php?rest_route=\/wp\/v2\/users\/1"}],"replies":[{"embeddable":true,"href":"https:\/\/obscom.intervozes.org.br\/index.php?rest_route=%2Fwp%2Fv2%2Fcomments&post=22599"}],"version-history":[{"count":0,"href":"https:\/\/obscom.intervozes.org.br\/index.php?rest_route=\/wp\/v2\/posts\/22599\/revisions"}],"wp:attachment":[{"href":"https:\/\/obscom.intervozes.org.br\/index.php?rest_route=%2Fwp%2Fv2%2Fmedia&parent=22599"}],"wp:term":[{"taxonomy":"category","embeddable":true,"href":"https:\/\/obscom.intervozes.org.br\/index.php?rest_route=%2Fwp%2Fv2%2Fcategories&post=22599"},{"taxonomy":"post_tag","embeddable":true,"href":"https:\/\/obscom.intervozes.org.br\/index.php?rest_route=%2Fwp%2Fv2%2Ftags&post=22599"}],"curies":[{"name":"wp","href":"https:\/\/api.w.org\/{rel}","templated":true}]}}