{"id":22598,"date":"2009-03-12T15:44:31","date_gmt":"2009-03-12T15:44:31","guid":{"rendered":"https:\/\/obscom.intervozes.org.br\/wordpress\/?p=22598"},"modified":"2009-03-12T15:44:31","modified_gmt":"2009-03-12T15:44:31","slug":"helio-costa-ameaca-lacrar-transmissor-da-tv-cultura-por-realizar-multiprogramacao","status":"publish","type":"post","link":"https:\/\/obscom.intervozes.org.br\/?p=22598","title":{"rendered":"H\u00e9lio Costa amea\u00e7a lacrar transmissor da TV Cultura por realizar multiprograma\u00e7\u00e3o"},"content":{"rendered":"<p>O Ministro das Comunica&ccedil;&otilde;es, H&eacute;lio Costa, informou nesta quarta-feira (11) que a TV Cultura poder&aacute; ser punida por realizar a multiprograma&ccedil;&atilde;o em seu canal digital. H&aacute; duas semanas, o Minicom publicou a Norma No 1, possibilitando a veicula&ccedil;&atilde;o de programa&ccedil;&otilde;es adicionais nos servi&ccedil;os de televis&atilde;o digital apenas &agrave;s emissoras de poderes da Uni&atilde;o, como a TV Brasil, a TV C&acirc;mara e a TV Senado. Segundo Costa, uma vez apresentado o auto de infra&ccedil;&atilde;o por parte da Ag&ecirc;ncia Nacional de Telecomunica&ccedil;&otilde;es (Anatel) ao minist&eacute;rio, a Anatel estar&aacute; autorizada a lacrar o transmissor digital da emissora paulista. A previs&atilde;o &eacute; que o documento seja enviado ao minist&eacute;rio na pr&oacute;xima segunda-feira (16). <\/p>\n<p>Desde o &uacute;ltimo domingo, a TV Cultura colocou no ar duas novas programa&ccedil;&otilde;es: a Univesp TV, voltada &agrave; forma&ccedil;&atilde;o universit&aacute;ria, e o Multicultura, que ir&aacute; disponibilizar o acervo da emissora sobre temas espec&iacute;ficos relacionados &agrave; Cultura . Em sua defesa, a TV Cultura alega que o Decreto 5.820\/2006, que criou o Sistema Brasileiro de TV Digital Terrestre (SBTVD-T), prev&ecirc; a multiprograma&ccedil;&atilde;o, sobrepondo-se &agrave; norma. H&eacute;lio Costa, no entando, rebate afirmando que tal men&ccedil;&atilde;o no Decreto n&atilde;o assegura o direito de qualquer emissora ferir regulamenta&ccedil;&otilde;es posteriores, como a Norma editada pelo Minicom.<\/p>\n<p>H&eacute;lio Costa reuniu-se com o presidente da TV, Paulo Markin. &quot;O Paulo Markun me disse que n&atilde;o tem condi&ccedil;&otilde;es de decidir pela retirada. Se ele n&atilde;o tem, alguem tem que ter&quot;, protesta o ministro. H&eacute;lio Costa anunciou que far&aacute; uma &uacute;ltima tentativa telefonando para o governador Jos&eacute; Serra para que ele interceda sobre a TV Cultura. &quot;Eu ainda vou fazer uma &uacute;ltima tentiva para evitar um problema maior para ele (Markun) e para o minist&eacute;rio. Acho isso uma intransig&ecirc;ncia totalmente desnecess&aacute;ria&quot;, reclama. <\/p>\n<p><em>Com informa&ccedil;&otilde;es do Tela Viva News.<\/em> <\/p>\n","protected":false},"excerpt":{"rendered":"<p>O Ministro das Comunica&ccedil;&otilde;es, H&eacute;lio Costa, informou nesta quarta-feira (11) que a TV Cultura poder&aacute; ser punida por realizar a multiprograma&ccedil;&atilde;o em seu canal digital. H&aacute; duas semanas, o Minicom publicou a Norma No 1, possibilitando a veicula&ccedil;&atilde;o de programa&ccedil;&otilde;es adicionais nos servi&ccedil;os de televis&atilde;o digital apenas &agrave;s emissoras de poderes da Uni&atilde;o, como a &hellip; <a href=\"https:\/\/obscom.intervozes.org.br\/?p=22598\" class=\"more-link\">Continue lendo <span class=\"screen-reader-text\">H\u00e9lio Costa amea\u00e7a lacrar transmissor da TV Cultura por realizar multiprograma\u00e7\u00e3o<\/span> <span class=\"meta-nav\">&rarr;<\/span><\/a><\/p>\n","protected":false},"author":1,"featured_media":0,"comment_status":"open","ping_status":"open","sticky":false,"template":"","format":"standard","meta":{"footnotes":""},"categories":[39],"tags":[],"_links":{"self":[{"href":"https:\/\/obscom.intervozes.org.br\/index.php?rest_route=\/wp\/v2\/posts\/22598"}],"collection":[{"href":"https:\/\/obscom.intervozes.org.br\/index.php?rest_route=\/wp\/v2\/posts"}],"about":[{"href":"https:\/\/obscom.intervozes.org.br\/index.php?rest_route=\/wp\/v2\/types\/post"}],"author":[{"embeddable":true,"href":"https:\/\/obscom.intervozes.org.br\/index.php?rest_route=\/wp\/v2\/users\/1"}],"replies":[{"embeddable":true,"href":"https:\/\/obscom.intervozes.org.br\/index.php?rest_route=%2Fwp%2Fv2%2Fcomments&post=22598"}],"version-history":[{"count":0,"href":"https:\/\/obscom.intervozes.org.br\/index.php?rest_route=\/wp\/v2\/posts\/22598\/revisions"}],"wp:attachment":[{"href":"https:\/\/obscom.intervozes.org.br\/index.php?rest_route=%2Fwp%2Fv2%2Fmedia&parent=22598"}],"wp:term":[{"taxonomy":"category","embeddable":true,"href":"https:\/\/obscom.intervozes.org.br\/index.php?rest_route=%2Fwp%2Fv2%2Fcategories&post=22598"},{"taxonomy":"post_tag","embeddable":true,"href":"https:\/\/obscom.intervozes.org.br\/index.php?rest_route=%2Fwp%2Fv2%2Ftags&post=22598"}],"curies":[{"name":"wp","href":"https:\/\/api.w.org\/{rel}","templated":true}]}}