{"id":22596,"date":"2009-03-12T02:43:02","date_gmt":"2009-03-12T02:43:02","guid":{"rendered":"https:\/\/obscom.intervozes.org.br\/wordpress\/?p=22596"},"modified":"2009-03-12T02:43:02","modified_gmt":"2009-03-12T02:43:02","slug":"mec-discute-revisao-das-diretrizes-do-curso-de-jornalismo","status":"publish","type":"post","link":"https:\/\/obscom.intervozes.org.br\/?p=22596","title":{"rendered":"MEC discute revis\u00e3o das diretrizes do curso de jornalismo"},"content":{"rendered":"<p><span class=\"padrao padrao\">Oito anos ap&oacute;s a promulga&ccedil;&atilde;o das atuais Diretrizes Curriculares dos Cursos de Comunica&ccedil;&atilde;o Social, o Minist&eacute;rio da Educa&ccedil;&atilde;o (MEC) deu in&iacute;cio neste ano a um processo de revis&atilde;o das linhas pedag&oacute;gicas para o curso de jornalismo, atualmente uma das habilita&ccedil;&otilde;es do curso de Comunica&ccedil;&atilde;o social.<\/p>\n<p><\/span><span class=\"padrao padrao\">Para conduzir este processo, foi institu&iacute;da, em 12 de fevereiro, uma Comiss&atilde;o de Especialistas formada por oito pesquisadores e presidida pelo professor Jos&eacute; Marques de Melo (Universidade Metodista de S&atilde;o Paulo). Integram ainda a Comiss&atilde;o Alfredo Vizeu (UFPE), indicado pelo F&oacute;rum Nacional de Professores de Jornalismo; Eduardo Meditch (UFSC), pela Federa&ccedil;&atilde;o Nacional dos Jornalistas (FENAJ); e Luiz Gonzaga Motta (UNB), pela Sociedade Brasileira de Pesquisadores de Jornalismo (SBPjor).&nbsp;<\/p>\n<p><\/span><span class=\"padrao padrao\">Al&eacute;m dos integrantes indicados pelas entidades, participam tamb&eacute;m&nbsp;do &oacute;rg&atilde;o&nbsp;os professores S&eacute;rgio Mattos (UFBA), S&ocirc;nia Virg&iacute;nia Moreira (UERJ) e Manuel Carlos Chaparro (USP), al&eacute;m da representante do Canal Futura L&uacute;cia Maria Ara&uacute;jo.<\/span><span class=\"padrao padrao\">&nbsp;<\/p>\n<p><\/span><span class=\"padrao padrao\">A Comiss&atilde;o ter&aacute; 180 dias para produzir um relat&oacute;rio, a ser entregue&nbsp;ao Conselho Nacional de Educa&ccedil;&atilde;o (CNE). O Conselho&nbsp;ir&aacute; avaliar e&nbsp;deliberar sobre a proposta. Para subsidiar o documento final da Comiss&atilde;o, foi aberta uma consulta p&uacute;blica.&nbsp;As contribui&ccedil;&otilde;es devem ser enviadas&nbsp;at&eacute; o dia 30 mar&ccedil;o, por meio do endere&ccedil;o eletr&ocirc;nico <\/span><a href=\"mailto:consulta.jornalismo@mec.gov.br\">consulta.jornalismo@mec.gov.br<\/a>,&nbsp;<span class=\"padrao\">abrangendo&nbsp;duas quest&otilde;es&nbsp;principais: o perfil desej&aacute;vel do profissional do jornalismo e as compet&ecirc;ncias a serem adquiridas durante a gradua&ccedil;&atilde;o.<\/span><span class=\"padrao padrao\">&nbsp;<\/p>\n<p><\/span><span class=\"padrao padrao\">Al&eacute;m da consulta, est&aacute; prevista a realiza&ccedil;&atilde;o de tr&ecirc;s audi&ecirc;ncias p&uacute;blicas tem&aacute;ticas. A primeira est&aacute; prevista para o dia 20 de mar&ccedil;o, no Rio de Janeiro,&nbsp;e deve contar com a presen&ccedil;a de&nbsp;professores e intelectuais da &aacute;rea. A segunda, marcada para o dia 24 de abril em Recife, ser&aacute; direcionada ao debate com as associa&ccedil;&otilde;es e entidades de classe. A &uacute;ltima audi&ecirc;ncia p&uacute;blica&nbsp;dever&aacute; acontecer em S&atilde;o Paulo, no dia 18 de maio, quando segmentos da sociedade civil, movimentos sociais e Organiza&ccedil;&otilde;es N&atilde;o-Governamentais (ONGs) poder&atilde;o tamb&eacute;m se pronunciar e propor mudan&ccedil;as e inova&ccedil;&otilde;es para as diretrizes do curso de jornalismo. <\/span><span class=\"padrao padrao\">&nbsp;<\/p>\n<p><\/span><span class=\"padrao padrao\"><strong>Curso espec&iacute;fico<\/strong><\/span><span class=\"padrao padrao\">&nbsp;<\/p>\n<p><\/span><span class=\"padrao padrao\">Para Maria Jos&eacute; Braga,&nbsp;integrante da dire&ccedil;&atilde;o da&nbsp;Fenaj, este processo de revis&atilde;o &eacute; uma oportunidade&nbsp;para definir o jornalismo como curso espec&iacute;fico e n&atilde;o como uma habilita&ccedil;&atilde;o do curso de Comunica&ccedil;&atilde;o Social. &ldquo;&Eacute; primordial definir o curso de jornalismo. O jornalismo j&aacute; constitui um campo de conhecimento e n&atilde;o como uma habilita&ccedil;&atilde;o&rdquo;, defende. <\/span><span class=\"padrao padrao\">&nbsp;<\/p>\n<p><\/span><span class=\"padrao padrao\">Ainda segundo a sindicalista, a Federa&ccedil;&atilde;o participar&aacute; de todas as etapas do processo. Al&eacute;m de j&aacute; ter indicado o nome do professor Eduardo Meditch para representar os interesses sindicais na Comiss&atilde;o de Especialistas, a entidade&nbsp;vai estimular a participa&ccedil;&atilde;o dos sindicatos, assim como dos profissionais que atuam no mercado, nas audi&ecirc;ncias p&uacute;blicas e na consulta via internet. <\/span><span class=\"padrao padrao\">&nbsp;<\/p>\n<p><\/span><span class=\"padrao padrao\"><strong>Habilita&ccedil;&atilde;o integrada<\/strong><\/span><span class=\"padrao padrao\">&nbsp;<\/p>\n<p><\/span><span class=\"padrao padrao\">Em posi&ccedil;&atilde;o contr&aacute;ria &agrave; maioria das entidades que comp&otilde;em a Comiss&atilde;o de Especialistas, a Executiva Nacional dos Estudantes de Comunica&ccedil;&atilde;o Social (Enecos) defende a manuten&ccedil;&atilde;o do jornalismo como uma das habilita&ccedil;&otilde;es integradas no curso de Comunica&ccedil;&atilde;o Social, da forma como&nbsp;consta atualmente nas diretrizes. <\/span><span class=\"padrao padrao\">&nbsp;<\/span><span class=\"padrao padrao\">O coordenador-geral da organiza&ccedil;&atilde;o, Vin&iacute;cius Oliveira, estudante do 5&ordm; per&iacute;odo de Comunica&ccedil;&atilde;o Social da Universidade Federal de Sergipe (UFS), argumenta que, para ser jornalista ou profissional de qualquer outra habilita&ccedil;&atilde;o, &eacute; necess&aacute;rio possuir o arcabou&ccedil;o te&oacute;rico da comunica&ccedil;&atilde;o social. <\/span><span class=\"padrao padrao\">&nbsp;<\/p>\n<p><\/span><span class=\"padrao padrao\">&ldquo;A forma&ccedil;&atilde;o puramente jornal&iacute;stica n&atilde;o &eacute; suficiente para fazer com que o profissional tenha uma vis&atilde;o mais ampla da comunica&ccedil;&atilde;o, do seu papel na sociedade. O profissional deve compreender todo o processo,&nbsp;estando preparado para responder &agrave;s necessidades t&eacute;cnicas do jornalismo, mas tamb&eacute;m &agrave;s filos&oacute;ficas do campo da comunica&ccedil;&atilde;o&rdquo;, afirma o dirigente estudantil. <\/span><span class=\"padrao padrao\">&nbsp;<\/p>\n<p><\/span><span class=\"padrao padrao\">Sobre a forma&ccedil;&atilde;o da Comiss&atilde;o de Especialistas, a Enecos critica a falta de pluralidade na composi&ccedil;&atilde;o promovida pelo MEC. &ldquo;A Comiss&atilde;o de Especialistas foi formada para criar o curso de jornalismo sem discutir a integralidade das habilita&ccedil;&otilde;es. A maioria das organiza&ccedil;&otilde;es tem posi&ccedil;&otilde;es claras pela cria&ccedil;&atilde;o do curso de jornalismo. N&atilde;o acreditamos que desta forma a Comiss&atilde;o esteja aberta ao di&aacute;logo. Pelo contr&aacute;rio, acreditamos que n&atilde;o vem boa coisa por a&iacute;&rdquo;, comenta Vin&iacute;cius.&nbsp; <\/span><span class=\"padrao padrao\">&nbsp;<\/p>\n<p><\/span><span class=\"padrao padrao\">A Executiva&nbsp;pretende divulgar&nbsp;at&eacute; o final da semana uma carta criticando o processo e a falta de pluralidade e representa&ccedil;&atilde;o estudantil na Comiss&atilde;o e apresentando&nbsp;sua posi&ccedil;&atilde;o pela integra&ccedil;&atilde;o das habilita&ccedil;&otilde;es no curso de Comunica&ccedil;&atilde;o Social. <\/span><span class=\"padrao padrao\">&nbsp;<\/span> <\/p>\n<p style=\"margin: 0cm 0cm 0pt; line-height: 115%; text-align: left\" class=\"MsoNormal\" align=\"left\"><span class=\"padrao padrao\"><strong><br \/>Em aberto<\/strong><\/span><\/p>\n<p><span class=\"padrao padrao\"><br \/><\/span><span class=\"padrao padrao\">Segundo o professor Alfredo Vizeu, da Universidade Federal de Pernambuco (UFPE), a Comiss&atilde;o de Especialistas foi formada pelo MEC a partir das entidades e de professores que t&ecirc;m tradi&ccedil;&atilde;o na luta do jornalismo e nas pesquisas do campo jornal&iacute;stico. Vizeu adianta que a Comiss&atilde;o n&atilde;o tem posi&ccedil;&atilde;o fechada sobre a&nbsp;cria&ccedil;&atilde;o do&nbsp;curso espec&iacute;fico de jornalismo, mas que h&aacute; &ldquo;quest&otilde;es sendo colocadas, como a necessidade de se estabelecer perfis dentro do grande campo que &eacute; a comunica&ccedil;&atilde;o&rdquo;. <\/p>\n<p>Como paralelo, professor lembra que o curso de cinema j&aacute; funciona de forma diferente das demais habilita&ccedil;&otilde;es. Cada institui&ccedil;&atilde;o de ensino opta se o mesmo vai ser uma habilita&ccedil;&atilde;o do curso de Comunica&ccedil;&atilde;o Social ou se vai ser um curso espec&iacute;fico. <\/span><span class=\"padrao padrao\">&nbsp;<\/p>\n<p><\/span><span class=\"padrao padrao\">Sobre as quest&otilde;es levantadas pela Enecos com rela&ccedil;&atilde;o &agrave; participa&ccedil;&atilde;o da entidade no processo, Vizeu identifica como importante a participa&ccedil;&atilde;o estudantil no debate. &ldquo;Na reuni&atilde;o do dia 20 de mar&ccedil;o, no Rio de Janeiro, estar&atilde;o presentes para discutir com a Comiss&atilde;o de Especialistas a Enecos, a Associa&ccedil;&atilde;o Nacional de Programas de P&oacute;s-Gradua&ccedil;&atilde;o em Comunica&ccedil;&atilde;o (Comp&oacute;s) e a Sociedade Brasileira de Estudos Interdisciplinares da Comunica&ccedil;&atilde;o (Intercom), dentre outras organiza&ccedil;&otilde;es. N&atilde;o h&aacute; nenhum veto a outras entidades&rdquo;, enfatiza o professor. <\/span><span class=\"padrao padrao\">&nbsp;<\/p>\n<p><\/span><span class=\"padrao padrao\"><strong>Hist&oacute;rico das mudan&ccedil;as curriculares<\/strong><\/span><span class=\"padrao padrao\">&nbsp;<\/p>\n<p><\/span><span class=\"padrao padrao\">O curso de jornalismo teve o seu primeiro curr&iacute;culo homologado junto com a cria&ccedil;&atilde;o do primeiro curso, em 1946. Naquela &eacute;poca,&nbsp;ele deveria ser seguido por completo por todas as institui&ccedil;&otilde;es que fossem oferecer o curso de gradua&ccedil;&atilde;o. Este curr&iacute;culo valeu at&eacute; o ano de 1961, quando foi promulgada a primeira Lei de Diretrizes e Bases da Educa&ccedil;&atilde;o Nacional. Com a chegada desse novo instrumento, passou a existir um curr&iacute;culo m&iacute;nimo e n&atilde;o mais o curr&iacute;culo total, que n&atilde;o permitia flexibilidade nem autonomia por parte das institui&ccedil;&otilde;es.&nbsp; &nbsp;&nbsp;<\/span><span class=\"padrao padrao\">&nbsp;<\/p>\n<p><\/span><span class=\"padrao padrao\">Em 1962, foi apresentado o primeiro curr&iacute;culo m&iacute;nimo para o curso de jornalismo. Desta data at&eacute; a promulga&ccedil;&atilde;o da nova Lei de Diretrizes e Bases da Educa&ccedil;&atilde;o Nacional, em 1996,&nbsp;este foi reformulado duas vezes, al&eacute;m de terem sido criados outros tr&ecirc;s&nbsp;para os cursos da &aacute;rea da Comunica&ccedil;&atilde;o Social. <\/span><span class=\"padrao padrao\">&nbsp;<\/span><span class=\"padrao padrao\">Com essa nova Lei, iniciou-se uma mobiliza&ccedil;&atilde;o para a atualiza&ccedil;&atilde;o das diretrizes curriculares de grande parte dos cursos de n&iacute;vel superior. <\/p>\n<p>Em 1999, uma Comiss&atilde;o de Especialistas elaborou o documento &ldquo;Diretrizes Curriculares para o Curso de Comunica&ccedil;&atilde;o Social&rdquo;, aprovado em 2001 e em voga at&eacute; hoje. Esta nova lei reuniu as habilita&ccedil;&otilde;es do campo da comunica&ccedil;&atilde;o no Curso de Comunica&ccedil;&atilde;o Social e estabeleceu diretrizes gerais para o profissional de comunica&ccedil;&atilde;o, al&eacute;m de diretrizes espec&iacute;ficas para a forma&ccedil;&atilde;o de cada habilita&ccedil;&atilde;o. &nbsp;<\/span><\/p>\n","protected":false},"excerpt":{"rendered":"<p>Enquanto professores defendem jornalismo como curso espec\u00edfico, estudantes querem a pr\u00e1tica como habilita\u00e7\u00e3o integrada do curso de Comunica\u00e7\u00e3o Social, como est\u00e1 nas diretrizes atuais.<\/p>\n","protected":false},"author":1,"featured_media":0,"comment_status":"open","ping_status":"open","sticky":false,"template":"","format":"standard","meta":{"footnotes":""},"categories":[40],"tags":[978],"_links":{"self":[{"href":"https:\/\/obscom.intervozes.org.br\/index.php?rest_route=\/wp\/v2\/posts\/22596"}],"collection":[{"href":"https:\/\/obscom.intervozes.org.br\/index.php?rest_route=\/wp\/v2\/posts"}],"about":[{"href":"https:\/\/obscom.intervozes.org.br\/index.php?rest_route=\/wp\/v2\/types\/post"}],"author":[{"embeddable":true,"href":"https:\/\/obscom.intervozes.org.br\/index.php?rest_route=\/wp\/v2\/users\/1"}],"replies":[{"embeddable":true,"href":"https:\/\/obscom.intervozes.org.br\/index.php?rest_route=%2Fwp%2Fv2%2Fcomments&post=22596"}],"version-history":[{"count":0,"href":"https:\/\/obscom.intervozes.org.br\/index.php?rest_route=\/wp\/v2\/posts\/22596\/revisions"}],"wp:attachment":[{"href":"https:\/\/obscom.intervozes.org.br\/index.php?rest_route=%2Fwp%2Fv2%2Fmedia&parent=22596"}],"wp:term":[{"taxonomy":"category","embeddable":true,"href":"https:\/\/obscom.intervozes.org.br\/index.php?rest_route=%2Fwp%2Fv2%2Fcategories&post=22596"},{"taxonomy":"post_tag","embeddable":true,"href":"https:\/\/obscom.intervozes.org.br\/index.php?rest_route=%2Fwp%2Fv2%2Ftags&post=22596"}],"curies":[{"name":"wp","href":"https:\/\/api.w.org\/{rel}","templated":true}]}}