{"id":22579,"date":"2009-03-04T16:28:07","date_gmt":"2009-03-04T16:28:07","guid":{"rendered":"https:\/\/obscom.intervozes.org.br\/wordpress\/?p=22579"},"modified":"2009-03-04T16:28:07","modified_gmt":"2009-03-04T16:28:07","slug":"deputado-eduardo-gomes-psdb-to-e-eleito-presidente-da-comissao-de-ciencia-e-tecnologia","status":"publish","type":"post","link":"https:\/\/obscom.intervozes.org.br\/?p=22579","title":{"rendered":"Deputado Eduardo Gomes (PSDB-TO) \u00e9 eleito presidente da Comiss\u00e3o de Ci\u00eancia e Tecnologia"},"content":{"rendered":"<p><u><strong>Editado a partir de nota da Ag&ecirc;ncia C&acirc;mara.<br \/>T&iacute;tulo original: &quot;Ci&ecirc;ncia e Tecnologia elege deputado Eduardo Gomes&quot;<\/strong><\/u><span class=\"padrao\"><\/p>\n<p>O deputado Eduardo Gomes (PSDB-TO) foi eleito h&aacute; pouco presidente da Comiss&atilde;o de Ci&ecirc;ncia, Tecnologia, Comunica&ccedil;&atilde;o e Inform&aacute;tica, em substitui&ccedil;&atilde;o ao deputado Walter Pinheiro (PT-BA). Tamb&eacute;m foram eleitas as deputadas Raquel Teixeira para a 1&ordf; Vice-Presid&ecirc;ncia (PSDB-GO); Cida Diogo (PT-RJ) para a 2&ordf; Vice; e Luiza Erundina (PSB-SP) para a 3&ordf; Vice.<\/p>\n<p>O deputado afirmou que uma das prioridades da comiss&atilde;o ser&aacute; convencer o governo a n&atilde;o cortar investimentos na &aacute;rea por conta da crise financeira mundial. &quot;Vamos trabalhar para convencer o governo que os investimentos em ci&ecirc;ncia e tecnologia s&atilde;o um instrumento que ajuda a sair da crise e devem ser preservados&quot;. Eduardo Gomes tamb&eacute;m destacou a necessidade de os integrantes da comiss&atilde;o participarem das confer&ecirc;ncias regionais preparat&oacute;rias para a Confer&ecirc;ncia Nacional de Comunica&ccedil;&atilde;o, prevista para dezembro.<\/p>\n<p>Eduardo Gomes, 42 anos, est&aacute; em seu segundo mandato. &Eacute; servidor p&uacute;blico e empres&aacute;rio. Foi vereador de Palmas, capital de Tocantins, por duas vezes, de 1997 at&eacute; 2003, quando se elegeu para a C&acirc;mara dos Deputados. <br \/><\/span> <\/p>\n","protected":false},"excerpt":{"rendered":"<p>Editado a partir de nota da Ag&ecirc;ncia C&acirc;mara.T&iacute;tulo original: &quot;Ci&ecirc;ncia e Tecnologia elege deputado Eduardo Gomes&quot; O deputado Eduardo Gomes (PSDB-TO) foi eleito h&aacute; pouco presidente da Comiss&atilde;o de Ci&ecirc;ncia, Tecnologia, Comunica&ccedil;&atilde;o e Inform&aacute;tica, em substitui&ccedil;&atilde;o ao deputado Walter Pinheiro (PT-BA). Tamb&eacute;m foram eleitas as deputadas Raquel Teixeira para a 1&ordf; Vice-Presid&ecirc;ncia (PSDB-GO); Cida Diogo &hellip; <a href=\"https:\/\/obscom.intervozes.org.br\/?p=22579\" class=\"more-link\">Continue lendo <span class=\"screen-reader-text\">Deputado Eduardo Gomes (PSDB-TO) \u00e9 eleito presidente da Comiss\u00e3o de Ci\u00eancia e Tecnologia<\/span> <span class=\"meta-nav\">&rarr;<\/span><\/a><\/p>\n","protected":false},"author":1,"featured_media":0,"comment_status":"open","ping_status":"open","sticky":false,"template":"","format":"standard","meta":{"footnotes":""},"categories":[39],"tags":[],"_links":{"self":[{"href":"https:\/\/obscom.intervozes.org.br\/index.php?rest_route=\/wp\/v2\/posts\/22579"}],"collection":[{"href":"https:\/\/obscom.intervozes.org.br\/index.php?rest_route=\/wp\/v2\/posts"}],"about":[{"href":"https:\/\/obscom.intervozes.org.br\/index.php?rest_route=\/wp\/v2\/types\/post"}],"author":[{"embeddable":true,"href":"https:\/\/obscom.intervozes.org.br\/index.php?rest_route=\/wp\/v2\/users\/1"}],"replies":[{"embeddable":true,"href":"https:\/\/obscom.intervozes.org.br\/index.php?rest_route=%2Fwp%2Fv2%2Fcomments&post=22579"}],"version-history":[{"count":0,"href":"https:\/\/obscom.intervozes.org.br\/index.php?rest_route=\/wp\/v2\/posts\/22579\/revisions"}],"wp:attachment":[{"href":"https:\/\/obscom.intervozes.org.br\/index.php?rest_route=%2Fwp%2Fv2%2Fmedia&parent=22579"}],"wp:term":[{"taxonomy":"category","embeddable":true,"href":"https:\/\/obscom.intervozes.org.br\/index.php?rest_route=%2Fwp%2Fv2%2Fcategories&post=22579"},{"taxonomy":"post_tag","embeddable":true,"href":"https:\/\/obscom.intervozes.org.br\/index.php?rest_route=%2Fwp%2Fv2%2Ftags&post=22579"}],"curies":[{"name":"wp","href":"https:\/\/api.w.org\/{rel}","templated":true}]}}